{"id":16105,"date":"2023-05-27T13:33:55","date_gmt":"2023-05-27T18:33:55","guid":{"rendered":"https:\/\/podernacional.com\/?p=16105"},"modified":"2023-05-27T18:34:12","modified_gmt":"2023-05-27T18:34:12","slug":"alejandro-sanz-alarma-a-sus-fans","status":"publish","type":"post","link":"https:\/\/podernacional.com\/?p=16105","title":{"rendered":"Alejandro Sanz alarma a sus fans"},"content":{"rendered":"<p>Alejandro Sanz preocup\u00f3 este viernes a sus seguidores, principalmente de Twitter, pues el cantante comparti\u00f3 un mensaje donde se\u00f1al\u00f3 que \u00aba veces no quiero ni estar\u00bb.<\/p>\n<p>\u00abNo estoy bien\u00bb, fue lo primero que escribi\u00f3 el espa\u00f1ol, de 54 a\u00f1os, en la red social de mensajes cortos.<\/p>\n<p>Luego, el responsable de \u00e9xitos como Amiga m\u00eda, Cuando nadie me ve y Te lo agradezco, pero no, se\u00f1al\u00f3 que \u00abno s\u00e9 si esto sirve de algo pero quiero decirlo\u00bb.<\/p>\n<p>\u00abEstoy triste y cansado\u00bb, reconoci\u00f3.<br \/>\n\u00abPor si alguien m\u00e1s cree que hay que ser siempre una brisa de mar o un fuego artificial en una noche de verano\u00bb, agreg\u00f3.<br \/>\nSanz dijo que, ante esta sensaci\u00f3n, \u00abestoy trabajando para que se me pase\u2026 llegar\u00e9 a los escenarios y algo dentro me dir\u00e1 qu\u00e9 hacer\u00bb.<\/p>\n<p>\u00abPero a veces no quiero ni estar. Literalmente. Solo por ser sincero. Por no entrar al ruido in\u00fatil\u00bb, revel\u00f3.<br \/>\nPor \u00faltimo, Alejandro dijo que comparti\u00f3 esto porque \u00abs\u00e9 que hay gente que se siente as\u00ed. Si te sirve, yo me siento igual\u00bb.<\/p>\n<h4>Fans reaccionan a mensaje<\/h4>\n<p>El texto que el espa\u00f1ol comparti\u00f3 en Twitter de inmediato gener\u00f3 preocupaci\u00f3n entre sus fans, quienes no dudaron en responderle con mensajes de \u00e1nimo y buenos deseos.<\/p>\n<p>\u00ab\u00a1Querido Alejandro Sanz, el amor todo lo puede! Cierra los ojos y trae a tu mente tu familia, tus fans, los queridos que han partido, las causas que ayudas, cuando fuiste rey mago&#8230; recuerda, es la fuerza del coraz\u00f3n, date tu tiempo y vuelve a encontrarte , te queremos\u00bb, le dijo la asociaci\u00f3n Nariz Roja, dedicada a apoyar a personas con c\u00e1ncer.<br \/>\nPor su parte, el club de fans Coraz\u00f3n Part\u00edo escribi\u00f3: \u00abTe queremos un mont\u00f3n, cielo, y estamos contigo en las buenas y las malas\u00bb.<\/p>\n<p>\u00abEn esta vida la fama no lo es todo pero de algo si estoy totalmente seguro que Dios est\u00e1 llenando tu coraz\u00f3n y te dar\u00e1 la fortaleza necesaria para superar cualquier obst\u00e1culo que est\u00e9s presentando, cuando quieras hablar con un amigo, aqu\u00ed estoy para escucharte, abrazos\u00bb, coment\u00f3 el m\u00fasico C\u00e9sar Caires.<br \/>\nMientras que la actriz y conductora Laisha Wilkins puso: \u00abLa valent\u00eda de compartir tu sentir, de mostrarte vulnerable, es lo que te hace fuerte. Un abrazo al alma\u00bb.<\/p>\n","protected":false},"excerpt":{"rendered":"<p>Alejandro Sanz preocup\u00f3 este viernes a sus seguidores, principalmente de Twitter, pues el cantante comparti\u00f3 un mensaje donde se\u00f1al\u00f3 que \u00aba veces no quiero ni estar\u00bb. \u00abNo estoy bien\u00bb, fue lo primero que escribi\u00f3 el espa\u00f1ol, de 54 a\u00f1os, en la red social de mensajes cortos. Luego, el responsable de \u00e9xitos como Amiga m\u00eda, Cuando [&hellip;]<\/p>\n","protected":false},"author":1,"featured_media":16107,"comment_status":"open","ping_status":"closed","sticky":false,"template":"","format":"standard","meta":{"footnotes":""},"categories":[4],"tags":[],"class_list":["post-16105","post","type-post","status-publish","format-standard","has-post-thumbnail","hentry","category-espectaculos"],"_links":{"self":[{"href":"https:\/\/podernacional.com\/index.php?rest_route=\/wp\/v2\/posts\/16105","targetHints":{"allow":["GET"]}}],"collection":[{"href":"https:\/\/podernacional.com\/index.php?rest_route=\/wp\/v2\/posts"}],"about":[{"href":"https:\/\/podernacional.com\/index.php?rest_route=\/wp\/v2\/types\/post"}],"author":[{"embeddable":true,"href":"https:\/\/podernacional.com\/index.php?rest_route=\/wp\/v2\/users\/1"}],"replies":[{"embeddable":true,"href":"https:\/\/podernacional.com\/index.php?rest_route=%2Fwp%2Fv2%2Fcomments&post=16105"}],"version-history":[{"count":1,"href":"https:\/\/podernacional.com\/index.php?rest_route=\/wp\/v2\/posts\/16105\/revisions"}],"predecessor-version":[{"id":16106,"href":"https:\/\/podernacional.com\/index.php?rest_route=\/wp\/v2\/posts\/16105\/revisions\/16106"}],"wp:featuredmedia":[{"embeddable":true,"href":"https:\/\/podernacional.com\/index.php?rest_route=\/wp\/v2\/media\/16107"}],"wp:attachment":[{"href":"https:\/\/podernacional.com\/index.php?rest_route=%2Fwp%2Fv2%2Fmedia&parent=16105"}],"wp:term":[{"taxonomy":"category","embeddable":true,"href":"https:\/\/podernacional.com\/index.php?rest_route=%2Fwp%2Fv2%2Fcategories&post=16105"},{"taxonomy":"post_tag","embeddable":true,"href":"https:\/\/podernacional.com\/index.php?rest_route=%2Fwp%2Fv2%2Ftags&post=16105"}],"curies":[{"name":"wp","href":"https:\/\/api.w.org\/{rel}","templated":true}]}}