{"id":16139,"date":"2023-05-29T16:04:28","date_gmt":"2023-05-29T21:04:28","guid":{"rendered":"https:\/\/podernacional.com\/?p=16139"},"modified":"2023-05-29T21:04:45","modified_gmt":"2023-05-29T21:04:45","slug":"escandalo-eduin-caz-sorprende-con-inquietante-mensaje-en-redes-sociales-aun-ama-a-su-ex-daisy-anahy-descubre-la-verdad-impactante-aqui","status":"publish","type":"post","link":"https:\/\/podernacional.com\/?p=16139","title":{"rendered":"&quot;\u00a1Esc\u00e1ndalo! Eduin Caz sorprende con inquietante mensaje en redes sociales. \u00bfA\u00fan ama a su ex Daisy Anahy? Descubre la verdad impactante aqu\u00ed.&quot;"},"content":{"rendered":"<header class=\"nd-title-headline-base\">\n<h4 class=\"nd-title-headline-base__abstract\" style=\"text-align: center;\">Hasta el momento, el artista no ha brindado m\u00e1s detalles al respecto.<\/h4>\n<\/header>\n<div class=\"nd-media-detail-base\">\n<p><strong>Eduin Caz\u00a0<\/strong>comparti\u00f3 una historia en su cuenta de\u00a0<strong>Instagram\u00a0<\/strong>que\u00a0alarm\u00f3 a todos sus seguidores.<\/p>\n<p>El artista<strong>\u00a0poste\u00f3 un mensaje en un fondo completamente color negro.<\/strong>\u00a0Los usuarios se mostraron preocupados por el texto que poste\u00f3 el famoso, pues, como sabes, hace un par de d\u00edas public\u00f3 un mensaje similar, haciendo referencia a un estado emocional complicado.<\/p>\n<p><em>\u201c<strong>Cada d\u00eda me sorprendes m\u00e1s, vida\u201d,\u00a0<\/strong>escribi\u00f3 Eduin.<\/em><\/p>\n<p>Cabe se\u00f1alar que, hasta el momento, el artista no ha brindado m\u00e1s detalles al respecto, sin embargo, los internautas han especulado que podr\u00eda necesitar estar cerca de su familia.<\/p>\n<h2><span data-tbw-flag=\"true\">\u00bfEduin Caz termin\u00f3 con Daisy Anahy?<\/span><\/h2>\n<p>En entrevista con<strong>\u00a0El Escorpi\u00f3n Dorado<\/strong>, Eduin Caz se\u00f1al\u00f3 que la ruptura con\u00a0<strong>Daisy Anahy\u00a0<\/strong>se hab\u00eda dado a partir de una serie de errores que \u00e9l cometi\u00f3 hace un par de a\u00f1os.<\/p>\n<p><em>\u201cYo ando haciendo mi luchita (\u2026) que te puedo decir ya llev\u00f3 un mes viviendo en otra casa (\u2026)\u00a0<strong>llevo una buena relaci\u00f3n con Anahy\u00a0<\/strong>que la verdad que, pues 13 a\u00f1os con ella y aparte vamos por el tercer hijo, siempre va a estar ah\u00ed\u201d, dijo el artista.<\/em>El int\u00e9rprete de\u00a0<em>\u201cEn tu perra vida\u201d\u00a0<\/em>coment\u00f3 que se ha visto envuelto en la pol\u00e9mica a partir de un par de rumores.<\/p>\n<p><em>\u201cYo la cag*\u00e9 mucho en el pasado, yo ped\u00ed disculpas, ped\u00ed perd\u00f3n, pero ella ya no quiso aguantar, tiene mucho que ver la gente que est\u00e1 mam* y mam*, por ejemplo, el \u00faltimo chisme que sali\u00f3 fue de una conversaci\u00f3n muy pend*j*,\u00a0<strong>fue de una conversaci\u00f3n y le dije \u2018t\u00fa misma bloqueaste a la morra, qu\u00e9 te est\u00e1s enojando\u2019\u201d<\/strong>, a\u00f1adi\u00f3.<\/em>Finalmente, Eduin mencion\u00f3 que nunca dejar\u00eda de querer a la madre de sus hijos.<\/p>\n<p><em>\u201cEs la mam\u00e1 de mis hijos y siempre lo va a ser, y siendo sinceros,\u00a0<strong>yo no ando buscando otra pinch* vieja<\/strong>\u201d, concluy\u00f3.<\/em><\/div>\n","protected":false},"excerpt":{"rendered":"<p>Hasta el momento, el artista no ha brindado m\u00e1s detalles al respecto. Eduin Caz\u00a0comparti\u00f3 una historia en su cuenta de\u00a0Instagram\u00a0que\u00a0alarm\u00f3 a todos sus seguidores. El artista\u00a0poste\u00f3 un mensaje en un fondo completamente color negro.\u00a0Los usuarios se mostraron preocupados por el texto que poste\u00f3 el famoso, pues, como sabes, hace un par de d\u00edas public\u00f3 un [&hellip;]<\/p>\n","protected":false},"author":1,"featured_media":16141,"comment_status":"open","ping_status":"closed","sticky":false,"template":"","format":"standard","meta":{"footnotes":""},"categories":[4],"tags":[],"class_list":["post-16139","post","type-post","status-publish","format-standard","has-post-thumbnail","hentry","category-espectaculos"],"_links":{"self":[{"href":"https:\/\/podernacional.com\/index.php?rest_route=\/wp\/v2\/posts\/16139","targetHints":{"allow":["GET"]}}],"collection":[{"href":"https:\/\/podernacional.com\/index.php?rest_route=\/wp\/v2\/posts"}],"about":[{"href":"https:\/\/podernacional.com\/index.php?rest_route=\/wp\/v2\/types\/post"}],"author":[{"embeddable":true,"href":"https:\/\/podernacional.com\/index.php?rest_route=\/wp\/v2\/users\/1"}],"replies":[{"embeddable":true,"href":"https:\/\/podernacional.com\/index.php?rest_route=%2Fwp%2Fv2%2Fcomments&post=16139"}],"version-history":[{"count":1,"href":"https:\/\/podernacional.com\/index.php?rest_route=\/wp\/v2\/posts\/16139\/revisions"}],"predecessor-version":[{"id":16140,"href":"https:\/\/podernacional.com\/index.php?rest_route=\/wp\/v2\/posts\/16139\/revisions\/16140"}],"wp:featuredmedia":[{"embeddable":true,"href":"https:\/\/podernacional.com\/index.php?rest_route=\/wp\/v2\/media\/16141"}],"wp:attachment":[{"href":"https:\/\/podernacional.com\/index.php?rest_route=%2Fwp%2Fv2%2Fmedia&parent=16139"}],"wp:term":[{"taxonomy":"category","embeddable":true,"href":"https:\/\/podernacional.com\/index.php?rest_route=%2Fwp%2Fv2%2Fcategories&post=16139"},{"taxonomy":"post_tag","embeddable":true,"href":"https:\/\/podernacional.com\/index.php?rest_route=%2Fwp%2Fv2%2Ftags&post=16139"}],"curies":[{"name":"wp","href":"https:\/\/api.w.org\/{rel}","templated":true}]}}