{"id":16151,"date":"2023-05-29T17:28:02","date_gmt":"2023-05-29T22:28:02","guid":{"rendered":"https:\/\/podernacional.com\/?p=16151"},"modified":"2023-05-29T22:28:04","modified_gmt":"2023-05-29T22:28:04","slug":"experiencia-desaprovechada-empresas-no-contratan-a-adultos-mayores-en-quintana-roo","status":"publish","type":"post","link":"https:\/\/podernacional.com\/?p=16151","title":{"rendered":"\u00a1Experiencia desaprovechada! Empresas no contratan a adultos mayores en Quintana Roo"},"content":{"rendered":"<h4>En el estado, apenas hay 11 mil trabajadores de m\u00e1s de 60 a\u00f1os, seg\u00fan estudio.<\/h4>\n<p>Actualmente solo dos de cada 10 empresas contratan a personas adultas mayores, una cifra baja que debe incrementarse.<\/p>\n<p>En el caso de Quintana Roo, solo hay 11 mil trabajadores de m\u00e1s de 60 a\u00f1os que est\u00e1n activos de manera formal.<\/p>\n<p>De acuerdo con un estudio realizado por ManPower, las empresas no est\u00e1n contratando adultos por arriba de esta edad.<\/p>\n<p>Adem\u00e1s de\u00a0quienes est\u00e1n en la posibilidad, lo hacen de manera informal.<\/p>\n<p>El cual\u00a0es por ello que este sector representa s\u00f3lo 2.3% del total de la poblaci\u00f3n laboral en Quintana Roo.<\/p>\n<p>Laura Mart\u00ednez, Gerente de Fundaci\u00f3n ManpowerGroup, explic\u00f3 que a nivel nacional, el 13% de las personas activas est\u00e1 por arriba de los 60 a\u00f1os.<\/p>\n<h4>Sin embargo, en la entidad la cifra es menor, pese a que estas personas pueden brindar toda la experiencia adquirida mediante su trayectoria profesional.<\/h4>\n<p>\u201cHoy d\u00eda son empresas con programas sociales las que est\u00e1n considerando contratar personas adultas mayores\u201d.<\/p>\n<p>\u201cAdem\u00e1s de que muchas veces estas empresas tienen un reto porque sus esquemas de trabajo no son compatibles con las necesidades de personas jubiladas\u201d.<\/p>\n<p>\u201cAdem\u00e1s de\u00a0quienes muchas veces buscan ser contratadas por honorarios. Esto dificulta el poder emplearlos\u201d, agreg\u00f3.<\/p>\n<p>Explic\u00f3 que las personas adultas mayores buscan emplearse por dos razones, una es para continuar siendo productivas.<\/p>\n<p>Adem\u00e1s de que\u00a0en segundo lugar, porque sus ingresos no les alcanza.<\/p>\n<p>Entre los hallazgos del estudio que realiz\u00f3 la colocadora se revela que de las personas adultas mayores ocupadas.<\/p>\n<p>As\u00ed como solamente el 33% estar\u00eda realizando actividades laborales formales o, en la mayor\u00eda de los casos, dentro de la informalidad.<\/p>\n<p>De ellas, el 49% trabaja por cuenta propia, mientras que el 38% son trabajadores subordinados y remunerados.<\/p>\n","protected":false},"excerpt":{"rendered":"<p>En el estado, apenas hay 11 mil trabajadores de m\u00e1s de 60 a\u00f1os, seg\u00fan estudio. Actualmente solo dos de cada 10 empresas contratan a personas adultas mayores, una cifra baja que debe incrementarse. En el caso de Quintana Roo, solo hay 11 mil trabajadores de m\u00e1s de 60 a\u00f1os que est\u00e1n activos de manera formal. [&hellip;]<\/p>\n","protected":false},"author":1,"featured_media":16153,"comment_status":"open","ping_status":"closed","sticky":false,"template":"","format":"standard","meta":{"footnotes":""},"categories":[10],"tags":[],"class_list":["post-16151","post","type-post","status-publish","format-standard","has-post-thumbnail","hentry","category-quintana-roo"],"_links":{"self":[{"href":"https:\/\/podernacional.com\/index.php?rest_route=\/wp\/v2\/posts\/16151","targetHints":{"allow":["GET"]}}],"collection":[{"href":"https:\/\/podernacional.com\/index.php?rest_route=\/wp\/v2\/posts"}],"about":[{"href":"https:\/\/podernacional.com\/index.php?rest_route=\/wp\/v2\/types\/post"}],"author":[{"embeddable":true,"href":"https:\/\/podernacional.com\/index.php?rest_route=\/wp\/v2\/users\/1"}],"replies":[{"embeddable":true,"href":"https:\/\/podernacional.com\/index.php?rest_route=%2Fwp%2Fv2%2Fcomments&post=16151"}],"version-history":[{"count":1,"href":"https:\/\/podernacional.com\/index.php?rest_route=\/wp\/v2\/posts\/16151\/revisions"}],"predecessor-version":[{"id":16152,"href":"https:\/\/podernacional.com\/index.php?rest_route=\/wp\/v2\/posts\/16151\/revisions\/16152"}],"wp:featuredmedia":[{"embeddable":true,"href":"https:\/\/podernacional.com\/index.php?rest_route=\/wp\/v2\/media\/16153"}],"wp:attachment":[{"href":"https:\/\/podernacional.com\/index.php?rest_route=%2Fwp%2Fv2%2Fmedia&parent=16151"}],"wp:term":[{"taxonomy":"category","embeddable":true,"href":"https:\/\/podernacional.com\/index.php?rest_route=%2Fwp%2Fv2%2Fcategories&post=16151"},{"taxonomy":"post_tag","embeddable":true,"href":"https:\/\/podernacional.com\/index.php?rest_route=%2Fwp%2Fv2%2Ftags&post=16151"}],"curies":[{"name":"wp","href":"https:\/\/api.w.org\/{rel}","templated":true}]}}