{"id":16157,"date":"2023-05-29T17:34:44","date_gmt":"2023-05-29T22:34:44","guid":{"rendered":"https:\/\/podernacional.com\/?p=16157"},"modified":"2023-05-29T22:34:45","modified_gmt":"2023-05-29T22:34:45","slug":"con-el-objetivo-de-estrechar-lazos-varios-alcaldes-de-brasil-visitan-cancun","status":"publish","type":"post","link":"https:\/\/podernacional.com\/?p=16157","title":{"rendered":"Con el objetivo de estrechar lazos varios alcaldes de Brasil visitan Canc\u00fan"},"content":{"rendered":"<h4>Quieren conocer los diferentes atractivos que ofrece el Caribe Mexicano<\/h4>\n<p>Con el objetivo de seguir promocionando el Caribe Mexicano y estrechar lazos con Brasil.<\/p>\n<p>Esto\u00a0que pese a la situaci\u00f3n del visado mantiene inter\u00e9s por el destino, un grupo de alcaldes brasile\u00f1os lleg\u00f3 a Canc\u00fan.<\/p>\n<p>As\u00ed como para conocer los diferentes atractivos que ofrece el destino.<\/p>\n<p>Andr\u00e9s Aguilar Becerril, subsecretario de turismo de Quintana Roo, reconoci\u00f3 que hoy la presencia de este mercado.<\/p>\n<p>El cual\u00a0ya no tiene el mismo peso que hace algunos a\u00f1os por temas de car\u00e1cter migratorio, en lo que ya est\u00e1 trabajando el estado.<\/p>\n<p>As\u00ed como\u00a0con la intenci\u00f3n de restablecer las facilidades para la llegada de brasile\u00f1os, sin embargo, siempre ha sido uno de los m\u00e1s importantes.<\/p>\n<p>\u201cHablando de Sudam\u00e9rica, en particular el mercado colombiano es m\u00e1s representativo, despu\u00e9s sigue el brasile\u00f1o y despu\u00e9s el argentino en particular\u2026<\/p>\n<h4>Si estaban en un cuarto (los brasile\u00f1os) ahora deben de estar en un s\u00e9ptimo lugar, el dato tendr\u00edamos que confirmarlo.<\/h4>\n<p>As\u00ed como pero una realidad es que no tiene el mismo peso que se ten\u00eda hace alg\u00fan tiempo\u201d, comparti\u00f3 el funcionario.<\/p>\n<p>Y si bien en esta reuni\u00f3n el tema de las visas no fue la meta, pues se trata m\u00e1s de un tema federal.<\/p>\n<p>S\u00ed se comparti\u00f3 que desde el gobierno del estado se est\u00e1 trabajando en las gestiones para destacar la importancia que tiene este mercado en particular.<\/p>\n<p>As\u00ed como todos los que llegan al Caribe Mexicano, con los que se busca promover la diversificaci\u00f3n de mercados.<\/p>\n<p>Lo que se busc\u00f3 con esta visita, dijo, es mantener la relaci\u00f3n con Brasil a trav\u00e9s de sus alcaldes, mostrarles la riqueza del destino.<\/p>\n<p>Adem\u00e1s de\u00a0lo atractivo que es para ese mercado, sobre todo considerando que era uno de los m\u00e1s importantes.<\/p>\n<p>Esto antes de la implementaci\u00f3n del visado obligatorio.<\/p>\n<p>\u201cEs una delegaci\u00f3n de presidentes municipales de Brasil, vienen de una agenda en M\u00e9rida, Yucat\u00e1n\u201d.<\/p>\n<h4>Esto\u00a0en el marco del Congreso de smart cities que se llev\u00f3 a cabo ah\u00ed y como parte de la agenda se sum\u00f3 esta actividad en Canc\u00fan.<\/h4>\n<p>As\u00ed como para compartir experiencias en torno al desarrollo tur\u00edstico que es caracter\u00edstico de nuestro estado y conocer las experiencias de sus pa\u00edses\u201d, especific\u00f3.<\/p>\n<p>En cuanto al tema de la visa a turistas brasile\u00f1os, aunque la Canciller\u00eda del pa\u00eds carioca.<\/p>\n<p>As\u00ed como de\u00a0la mexicana han se\u00f1alado que se ha avanzado en su eliminaci\u00f3n.<\/p>\n<p>A\u00fan no hay nada oficial. Desde el mes de abril pasado se present\u00f3 un exhorto al Senado de la Rep\u00fablica.<\/p>\n<p>El cual es\u00a0para retomar el ingreso de brasile\u00f1os con visas electr\u00f3nicas, sin embargo, es un tema que se qued\u00f3 en pausa.<\/p>\n<p>Esto\u00a0pese a la presi\u00f3n de todo el sector tur\u00edstico y empresarial del pa\u00eds.<\/p>\n","protected":false},"excerpt":{"rendered":"<p>Quieren conocer los diferentes atractivos que ofrece el Caribe Mexicano Con el objetivo de seguir promocionando el Caribe Mexicano y estrechar lazos con Brasil. Esto\u00a0que pese a la situaci\u00f3n del visado mantiene inter\u00e9s por el destino, un grupo de alcaldes brasile\u00f1os lleg\u00f3 a Canc\u00fan. As\u00ed como para conocer los diferentes atractivos que ofrece el destino. [&hellip;]<\/p>\n","protected":false},"author":1,"featured_media":16159,"comment_status":"open","ping_status":"closed","sticky":false,"template":"","format":"standard","meta":{"footnotes":""},"categories":[10],"tags":[],"class_list":["post-16157","post","type-post","status-publish","format-standard","has-post-thumbnail","hentry","category-quintana-roo"],"_links":{"self":[{"href":"https:\/\/podernacional.com\/index.php?rest_route=\/wp\/v2\/posts\/16157","targetHints":{"allow":["GET"]}}],"collection":[{"href":"https:\/\/podernacional.com\/index.php?rest_route=\/wp\/v2\/posts"}],"about":[{"href":"https:\/\/podernacional.com\/index.php?rest_route=\/wp\/v2\/types\/post"}],"author":[{"embeddable":true,"href":"https:\/\/podernacional.com\/index.php?rest_route=\/wp\/v2\/users\/1"}],"replies":[{"embeddable":true,"href":"https:\/\/podernacional.com\/index.php?rest_route=%2Fwp%2Fv2%2Fcomments&post=16157"}],"version-history":[{"count":1,"href":"https:\/\/podernacional.com\/index.php?rest_route=\/wp\/v2\/posts\/16157\/revisions"}],"predecessor-version":[{"id":16158,"href":"https:\/\/podernacional.com\/index.php?rest_route=\/wp\/v2\/posts\/16157\/revisions\/16158"}],"wp:featuredmedia":[{"embeddable":true,"href":"https:\/\/podernacional.com\/index.php?rest_route=\/wp\/v2\/media\/16159"}],"wp:attachment":[{"href":"https:\/\/podernacional.com\/index.php?rest_route=%2Fwp%2Fv2%2Fmedia&parent=16157"}],"wp:term":[{"taxonomy":"category","embeddable":true,"href":"https:\/\/podernacional.com\/index.php?rest_route=%2Fwp%2Fv2%2Fcategories&post=16157"},{"taxonomy":"post_tag","embeddable":true,"href":"https:\/\/podernacional.com\/index.php?rest_route=%2Fwp%2Fv2%2Ftags&post=16157"}],"curies":[{"name":"wp","href":"https:\/\/api.w.org\/{rel}","templated":true}]}}