{"id":16190,"date":"2023-05-30T19:04:55","date_gmt":"2023-05-31T00:04:55","guid":{"rendered":"https:\/\/podernacional.com\/?p=16190"},"modified":"2023-05-31T00:04:57","modified_gmt":"2023-05-31T00:04:57","slug":"nueva-edicion-del-festival-gabo-en-bogota","status":"publish","type":"post","link":"https:\/\/podernacional.com\/?p=16190","title":{"rendered":"Nueva edici\u00f3n del Festival Gabo en Bogot\u00e1"},"content":{"rendered":"<h4>El encuentro dedicado al periodismo, la ciudadan\u00eda y la cultura en Iberoam\u00e9rica se desarrollar\u00e1 del 30 de junio al 2 de julio.<\/h4>\n<p>Participar\u00e1n, entre otros, Jon Lee Anderson, Mart\u00edn Caparr\u00f3s y Leila Guerriero<\/p>\n<p>Bajo el lema #TodosEnLasHistorias, el Festival tiene como objetivo reunir a los mejores contadores de historias de Iberoam\u00e9rica.<\/p>\n<p>As\u00ed\u00a0en un espacio de encuentro \u00fanico, desde el cual se propone la construcci\u00f3n de un relato colectivo.<\/p>\n<p>Adem\u00e1s de un creativo que reconozca los derechos del otro, abrace la diversidad como un principio enriquecedor e indispensable.<\/p>\n<p>Adem\u00e1s de que\u00a0tenga en cuenta las transformaciones del oficio period\u00edstico.<\/p>\n<p>El Festival Gabo es organizado por la Fundaci\u00f3n Gabo, que, inspirada en los ideales y la obra de Gabriel Garc\u00eda M\u00e1rquez.<\/p>\n<p>As\u00ed mismo de que\u00a0busca promover espacios de reflexi\u00f3n, debate y exaltar el periodismo \u00e9tico, riguroso, innovador y de servicio p\u00fablico.<\/p>\n<p>Entre los m\u00e1s de cien invitados para esta edici\u00f3n, se encuentran nombres de la talla de Rodrigo Garc\u00eda Barcha, Leila Guerriero, Mart\u00edn Caparr\u00f3s.<\/p>\n<p>Adem\u00e1s de\u00a0\u00d3scar Mart\u00ednez, Jennifer \u00c1vila, Y\u00e1snaya Elena A. Gil, Luis Garc\u00eda Montero, Juan Gabriel V\u00e1zquez, Diana L\u00f3pez Zuleta.<\/p>\n<p>Al igual que\u00a0Ginna Morelo, Juanita Le\u00f3n, Dar\u00edo Adanti, Mar\u00eda Teresa Ronderos, Didine Umunyana, M\u00f3nica Gonz\u00e1lez, Felipe Restrepo Pombo y Jon Lee Anderson.<\/p>\n<p>Durante tres d\u00edas, se ofrecer\u00e1 una nutrida agenda que incluir\u00e1 m\u00e1s de diez clases magistrales.<\/p>\n<p>As\u00ed mismo de\u00a0quince talleres de formaci\u00f3n sobre periodismo y nuevas narrativas. Adem\u00e1s, habr\u00e1 cinco shows de p\u00f3dcasts.<\/p>\n<p>As\u00ed como de\u00a0una programaci\u00f3n de actividades en torno al cine, la m\u00fasica, la fotograf\u00eda, los videojuegos, el c\u00f3mic y otros formatos.<\/p>\n<p>Ejes transversales de la programaci\u00f3n<\/p>\n<p>Como todos los a\u00f1os, el festival est\u00e1 estructurado a partir de diferentes temas, que se presentan a continuaci\u00f3n.<\/p>\n<h4>* Diversidad<\/h4>\n<p>Se abordar\u00e1n actividades en torno a lo afro, las personas LGBTIQ+, la diversidad de g\u00e9nero, la cobertura ambiental y antirracista.<\/p>\n<p>As\u00ed como otros temas (como la migraci\u00f3n o el periodismo queer), que ocupan la agenda period\u00edstica a nivel mundial.<\/p>\n<p>As\u00ed como pero que durante mucho tiempo estuvieron al margen de los relatos period\u00edsticos.<\/p>\n<p>* Innovaci\u00f3n e inteligencia artificial<\/p>\n<p>Durante el Festival Gabo se analizar\u00e1n los desaf\u00edos de la IA en relaci\u00f3n con el periodismo y otros campos del saber.<\/p>\n<p>Precisamente por su reciente irrupci\u00f3n, tanto periodistas como profesionales de otros \u00e1mbitos se han acercado a ella con fascinaci\u00f3n e incredulidad.<\/p>\n<h4>* Medios nativos digitales<\/h4>\n<p>Una investigaci\u00f3n de la Fundaci\u00f3n Gabo y El Hormiguero del a\u00f1o 2022 identific\u00f3 1.521 medios nativos digitales en pa\u00edses de Latinoam\u00e9rica.<\/p>\n<p>La presencia de estos portales ha revitalizado el periodismo en el continente.<\/p>\n<p>Adem\u00e1s de estar poniendo el foco en la necesidad de independencia de profesionales que muchas veces trabajan desde pa\u00edses donde se persigue el buen periodismo.<\/p>\n<p>En esta misma l\u00ednea, se hablar\u00e1 de la era del Tik Tok y las redes sociales.<\/p>\n<p>As\u00ed como del devenir del periodismo en el futuro cercano.<\/p>\n","protected":false},"excerpt":{"rendered":"<p>El encuentro dedicado al periodismo, la ciudadan\u00eda y la cultura en Iberoam\u00e9rica se desarrollar\u00e1 del 30 de junio al 2 de julio. Participar\u00e1n, entre otros, Jon Lee Anderson, Mart\u00edn Caparr\u00f3s y Leila Guerriero Bajo el lema #TodosEnLasHistorias, el Festival tiene como objetivo reunir a los mejores contadores de historias de Iberoam\u00e9rica. As\u00ed\u00a0en un espacio de [&hellip;]<\/p>\n","protected":false},"author":1,"featured_media":16192,"comment_status":"open","ping_status":"closed","sticky":false,"template":"","format":"standard","meta":{"footnotes":""},"categories":[4],"tags":[],"class_list":["post-16190","post","type-post","status-publish","format-standard","has-post-thumbnail","hentry","category-espectaculos"],"_links":{"self":[{"href":"https:\/\/podernacional.com\/index.php?rest_route=\/wp\/v2\/posts\/16190","targetHints":{"allow":["GET"]}}],"collection":[{"href":"https:\/\/podernacional.com\/index.php?rest_route=\/wp\/v2\/posts"}],"about":[{"href":"https:\/\/podernacional.com\/index.php?rest_route=\/wp\/v2\/types\/post"}],"author":[{"embeddable":true,"href":"https:\/\/podernacional.com\/index.php?rest_route=\/wp\/v2\/users\/1"}],"replies":[{"embeddable":true,"href":"https:\/\/podernacional.com\/index.php?rest_route=%2Fwp%2Fv2%2Fcomments&post=16190"}],"version-history":[{"count":1,"href":"https:\/\/podernacional.com\/index.php?rest_route=\/wp\/v2\/posts\/16190\/revisions"}],"predecessor-version":[{"id":16191,"href":"https:\/\/podernacional.com\/index.php?rest_route=\/wp\/v2\/posts\/16190\/revisions\/16191"}],"wp:featuredmedia":[{"embeddable":true,"href":"https:\/\/podernacional.com\/index.php?rest_route=\/wp\/v2\/media\/16192"}],"wp:attachment":[{"href":"https:\/\/podernacional.com\/index.php?rest_route=%2Fwp%2Fv2%2Fmedia&parent=16190"}],"wp:term":[{"taxonomy":"category","embeddable":true,"href":"https:\/\/podernacional.com\/index.php?rest_route=%2Fwp%2Fv2%2Fcategories&post=16190"},{"taxonomy":"post_tag","embeddable":true,"href":"https:\/\/podernacional.com\/index.php?rest_route=%2Fwp%2Fv2%2Ftags&post=16190"}],"curies":[{"name":"wp","href":"https:\/\/api.w.org\/{rel}","templated":true}]}}