{"id":16193,"date":"2023-05-30T19:09:17","date_gmt":"2023-05-31T00:09:17","guid":{"rendered":"https:\/\/podernacional.com\/?p=16193"},"modified":"2023-05-31T00:09:18","modified_gmt":"2023-05-31T00:09:18","slug":"fge-quintana-roo-estanca-caso-de-taxistas-agresores-en-el-estado","status":"publish","type":"post","link":"https:\/\/podernacional.com\/?p=16193","title":{"rendered":"FGE Quintana Roo &#039;estanca&#039; caso de taxistas agresores en el Estado"},"content":{"rendered":"<h4>El Imoveqroo no tiene ni la facultad ni el personal para llevar a cabo las investigaciones periciales.<\/h4>\n<p>El director del Instituto de Movilidad de Quintana Roo (Imoveqroo), Rodrigo Alc\u00e1zar Urrutia.<\/p>\n<p>Adem\u00e1s de que compareci\u00f3 ante diputados de la XVII Legislatura para explicar los avances respecto a 49 procedimientos.<\/p>\n<p>Los cuales est\u00e1n\u00a0iniciados este a\u00f1o en contra de taxistas por agresiones a conductores y a la sociedad.<\/p>\n<p>De este n\u00famero resalt\u00f3 que nueve a\u00fan no han iniciado debido a que no se ha logrado contactar a los taxistas agresores.<\/p>\n<p>As\u00ed como de mientras que en otros 19 casos no ha habido respuesta de las autoridades.<\/p>\n<p>\u201cPara que nosotros podamos emitir una sanci\u00f3n sea temporal o la suspensi\u00f3n definitiva de la concesi\u00f3n del servicio de transporte p\u00fablico\u201d.<\/p>\n<p>Adem\u00e1s de que\u00a0necesitamos la resoluci\u00f3n proporcionada por la Fiscal\u00eda General del Estado de que efectivamente se cometi\u00f3 una falta o un delito.<\/p>\n<p>As\u00ed como\u00a0por parte del concesionario o \u201cmartillo\u201d, porque nosotros no tenemos ni facultad ni el personal para llevar a cabo estas investigaciones periciales\u201d, detall\u00f3.<\/p>\n<h4>Puntualiz\u00f3 que en el caso de Cozumel, por ejemplo, desde hace varios meses la Direcci\u00f3n de Tr\u00e1nsito Municipal.<\/h4>\n<p>Adem\u00e1s de que\u00a0a\u00fan no ha informado de los avances en cuanto a una turista que fue abusada sexualmente por un taxista.<\/p>\n<p>\u201cEn estos casos no podemos obligar a la autoridad correspondiente a que nos den todos los datos de estos casos\u201d.<\/p>\n<p>\u201cAs\u00ed como para poder iniciar los procedimientos de suspensi\u00f3n precautoria\u201d.<\/p>\n<p>\u201cSi no sucede esto, los taxis involucrados seguir\u00e1n prestando el servicio porque no tenemos alguna facultad para retenerlos sin el sustento jur\u00eddico\u201d, mencion\u00f3.<\/p>\n<p>Aclar\u00f3 que en Canc\u00fan, pr\u00e1cticamente tres de cada cinco procedimientos fueron iniciados por hechos que fueron declarados en notas period\u00edsticas.<\/p>\n<p>Esto\u00a0ya que en muy pocas ocasiones hubo denuncias formales ante el Imoveqroo o la Fiscal\u00eda.<\/p>\n<p>Sobre los 15 procedimientos en contra de los conductores de taxi que bloquearon la zona hotelera de Canc\u00fan, en enero pasado.<\/p>\n<p>Adem\u00e1s de que\u00a0mencion\u00f3 que actualmente est\u00e1n en la etapa final para determinar el castigo al que se har\u00e1n acreedores.<\/p>\n<p>Por su parte, la diputada Cinthya Mill\u00e1n Estrella, promotora del exhorto al Imoveqroo para esta rendici\u00f3n de cuentas.<\/p>\n<p>El cual lament\u00f3 que pr\u00e1cticamente la ciudadan\u00eda se encuentre a merced de prestadores del servicio p\u00fablico violentadores del orden p\u00fablico.<\/p>\n<p>Adem\u00e1s de que\u00a0incluso hasta delincuentes, ya que pr\u00e1cticamente la Ley de Movilidad naci\u00f3 \u201cmocha\u201d.<\/p>\n<p>As\u00ed como\u00a0para poder garantizar la seguridad de los usuarios del transporte en el Estado.<\/p>\n<p>Aunque refrend\u00f3 su apoyo al titular del Imoveqroo, para reformar las leyes y darle mayores facultades al instituto.<\/p>\n<p>Esto\u00a0para agilizar estos procesos sancionatorios, el director del Instituto de Movilidad advirti\u00f3 que ser\u00eda un esfuerzo in\u00fatil.<\/p>\n<p>Ya que al final siempre depender\u00e1n de las autoridades como Fiscal\u00eda General del Estado, corporaciones municipales, entre otros.<\/p>\n","protected":false},"excerpt":{"rendered":"<p>El Imoveqroo no tiene ni la facultad ni el personal para llevar a cabo las investigaciones periciales. El director del Instituto de Movilidad de Quintana Roo (Imoveqroo), Rodrigo Alc\u00e1zar Urrutia. Adem\u00e1s de que compareci\u00f3 ante diputados de la XVII Legislatura para explicar los avances respecto a 49 procedimientos. Los cuales est\u00e1n\u00a0iniciados este a\u00f1o en contra [&hellip;]<\/p>\n","protected":false},"author":1,"featured_media":16195,"comment_status":"open","ping_status":"closed","sticky":false,"template":"","format":"standard","meta":{"footnotes":""},"categories":[10],"tags":[],"class_list":["post-16193","post","type-post","status-publish","format-standard","has-post-thumbnail","hentry","category-quintana-roo"],"_links":{"self":[{"href":"https:\/\/podernacional.com\/index.php?rest_route=\/wp\/v2\/posts\/16193","targetHints":{"allow":["GET"]}}],"collection":[{"href":"https:\/\/podernacional.com\/index.php?rest_route=\/wp\/v2\/posts"}],"about":[{"href":"https:\/\/podernacional.com\/index.php?rest_route=\/wp\/v2\/types\/post"}],"author":[{"embeddable":true,"href":"https:\/\/podernacional.com\/index.php?rest_route=\/wp\/v2\/users\/1"}],"replies":[{"embeddable":true,"href":"https:\/\/podernacional.com\/index.php?rest_route=%2Fwp%2Fv2%2Fcomments&post=16193"}],"version-history":[{"count":1,"href":"https:\/\/podernacional.com\/index.php?rest_route=\/wp\/v2\/posts\/16193\/revisions"}],"predecessor-version":[{"id":16194,"href":"https:\/\/podernacional.com\/index.php?rest_route=\/wp\/v2\/posts\/16193\/revisions\/16194"}],"wp:featuredmedia":[{"embeddable":true,"href":"https:\/\/podernacional.com\/index.php?rest_route=\/wp\/v2\/media\/16195"}],"wp:attachment":[{"href":"https:\/\/podernacional.com\/index.php?rest_route=%2Fwp%2Fv2%2Fmedia&parent=16193"}],"wp:term":[{"taxonomy":"category","embeddable":true,"href":"https:\/\/podernacional.com\/index.php?rest_route=%2Fwp%2Fv2%2Fcategories&post=16193"},{"taxonomy":"post_tag","embeddable":true,"href":"https:\/\/podernacional.com\/index.php?rest_route=%2Fwp%2Fv2%2Ftags&post=16193"}],"curies":[{"name":"wp","href":"https:\/\/api.w.org\/{rel}","templated":true}]}}