{"id":16202,"date":"2023-05-30T19:27:29","date_gmt":"2023-05-31T00:27:29","guid":{"rendered":"https:\/\/podernacional.com\/?p=16202"},"modified":"2023-05-31T00:27:32","modified_gmt":"2023-05-31T00:27:32","slug":"tulum-reconoce-a-sus-pioneros-impulsores-de-la-vida-turistica-social-y-politica","status":"publish","type":"post","link":"https:\/\/podernacional.com\/?p=16202","title":{"rendered":"Tulum reconoce a sus pioneros impulsores de la vida tur\u00edstica, social y pol\u00edtica"},"content":{"rendered":"<h4>El municipio celebra su aniversario siendo un centro vital de comercio y comunicaci\u00f3n para QRoo<\/h4>\n<p>Reconociendo a los pioneros, impulsores y actores de la vida tur\u00edstica, social y pol\u00edtica de Tulum.<\/p>\n<p>El cual que\u00a0se llev\u00f3 a cabo la sesi\u00f3n solemne por el XV aniversario del noveno municipio.<\/p>\n<p>Adem\u00e1s de\u00a0que encabezaron la gobernadora de Quintana Roo, Mara Lezama, y el presidente municipal.<\/p>\n<p>Por ende Diego Casta\u00f1\u00f3n Trejo, acompa\u00f1ados de los titulares de los poderes Legislativo y Judicial.<\/p>\n<p>La sede del evento fue el Domo Doble de la Unidad Deportiva de Tulum, donde a partir de las 11 horas y ante la presencia de habitantes.<\/p>\n<p>Adem\u00e1s de pol\u00edticos, dirigentes sindicales, empresarios y dem\u00e1s sectores se entregaron reconocimientos a personajes que fueron parte importante de la historia Tulum.<\/p>\n<p>En su discurso, el edil Casta\u00f1\u00f3n Trejo expres\u00f3 que Tulum es una ciudad que ha sido \u00fanica para los mayas.<\/p>\n<h4>As\u00ed como\u00a0que ha representado un centro vital de comercio y comunicaci\u00f3n para la regi\u00f3n.<\/h4>\n<p>As\u00ed como con la vivencia \u00fanica de su rica historia, faro cultural para las comunidades y visitantes.<\/p>\n<p>Resalt\u00f3 el apoyo de la gobernadora y el presidente de la rep\u00fablica, quienes transportan a Tulum al futuro y desarrollo.<\/p>\n<p>Adem\u00e1s de\u00a0con ello vienen el Aeropuerto Internacional Felipe Carrillo Puerto y el Tren Maya.<\/p>\n<p>Reconoci\u00f3 y rindi\u00f3 un homenaje a las mujeres y hombres que fueron art\u00edfices para lograr la soberan\u00eda de Tulum.<\/p>\n<p>Casta\u00f1\u00f3n Trejo agradeci\u00f3 a cada uno de los que participaron en hacer realidad el sue\u00f1o de los antepasados.<\/p>\n<p>El cual es\u00a0para lograr el decreto la creaci\u00f3n del municipio el 29 de mayo del 2008.<\/p>\n<p>Adem\u00e1s de estar catapultando esa visi\u00f3n de los pueblos originarios de ver a un destino floreciente.<\/p>\n<p>Expres\u00f3 que como representante y aliado en esta administraci\u00f3n es un honor y una responsabilidad inmensa.<\/p>\n<p>El cual es para\u00a0llevar el legado de los pueblos originarios que tuvieron esa percepci\u00f3n trascendental.<\/p>\n<p>Adem\u00e1s de\u00a0que ubic\u00f3 a la cultura maya como una de las m\u00e1s importantes del mundo.<\/p>\n<p>En tanto, la gobernadora de Quintana Roo, Mara Lezama, tambi\u00e9n extern\u00f3 el agradecimiento a las y los dignatarios mayas que son fundadores.<\/p>\n<p>As\u00ed como de\u00a0guardianes de la cultura maya que persiste hasta tiempos actuales.<\/p>\n","protected":false},"excerpt":{"rendered":"<p>El municipio celebra su aniversario siendo un centro vital de comercio y comunicaci\u00f3n para QRoo Reconociendo a los pioneros, impulsores y actores de la vida tur\u00edstica, social y pol\u00edtica de Tulum. El cual que\u00a0se llev\u00f3 a cabo la sesi\u00f3n solemne por el XV aniversario del noveno municipio. Adem\u00e1s de\u00a0que encabezaron la gobernadora de Quintana Roo, [&hellip;]<\/p>\n","protected":false},"author":1,"featured_media":16204,"comment_status":"open","ping_status":"closed","sticky":false,"template":"","format":"standard","meta":{"footnotes":""},"categories":[10],"tags":[],"class_list":["post-16202","post","type-post","status-publish","format-standard","has-post-thumbnail","hentry","category-quintana-roo"],"_links":{"self":[{"href":"https:\/\/podernacional.com\/index.php?rest_route=\/wp\/v2\/posts\/16202","targetHints":{"allow":["GET"]}}],"collection":[{"href":"https:\/\/podernacional.com\/index.php?rest_route=\/wp\/v2\/posts"}],"about":[{"href":"https:\/\/podernacional.com\/index.php?rest_route=\/wp\/v2\/types\/post"}],"author":[{"embeddable":true,"href":"https:\/\/podernacional.com\/index.php?rest_route=\/wp\/v2\/users\/1"}],"replies":[{"embeddable":true,"href":"https:\/\/podernacional.com\/index.php?rest_route=%2Fwp%2Fv2%2Fcomments&post=16202"}],"version-history":[{"count":1,"href":"https:\/\/podernacional.com\/index.php?rest_route=\/wp\/v2\/posts\/16202\/revisions"}],"predecessor-version":[{"id":16203,"href":"https:\/\/podernacional.com\/index.php?rest_route=\/wp\/v2\/posts\/16202\/revisions\/16203"}],"wp:featuredmedia":[{"embeddable":true,"href":"https:\/\/podernacional.com\/index.php?rest_route=\/wp\/v2\/media\/16204"}],"wp:attachment":[{"href":"https:\/\/podernacional.com\/index.php?rest_route=%2Fwp%2Fv2%2Fmedia&parent=16202"}],"wp:term":[{"taxonomy":"category","embeddable":true,"href":"https:\/\/podernacional.com\/index.php?rest_route=%2Fwp%2Fv2%2Fcategories&post=16202"},{"taxonomy":"post_tag","embeddable":true,"href":"https:\/\/podernacional.com\/index.php?rest_route=%2Fwp%2Fv2%2Ftags&post=16202"}],"curies":[{"name":"wp","href":"https:\/\/api.w.org\/{rel}","templated":true}]}}