{"id":1621,"date":"2020-10-03T03:50:56","date_gmt":"2020-10-03T03:50:56","guid":{"rendered":"http:\/\/whatsappcancun.com\/?p=1621"},"modified":"2020-10-03T03:50:56","modified_gmt":"2020-10-03T03:50:56","slug":"despedira-disney-a-28-mil-empleados-por-crisis","status":"publish","type":"post","link":"https:\/\/podernacional.com\/?p=1621","title":{"rendered":"Despedir\u00e1 Disney a 28 mil empleados por crisis"},"content":{"rendered":"\n<p>Despedir\u00e1&nbsp;<strong><a href=\"https:\/\/es.wikipedia.org\/wiki\/The_Walt_Disney_Company\">Disney<\/a>&nbsp;<\/strong>a 28 mil empleados&nbsp;<strong>por crisis<\/strong>,&nbsp;<strong>tan s\u00f3lo en Estados Unidos<\/strong>. Pese a que la empresa del rat\u00f3n m\u00e1s famoso del mundo confiaba en la reapertura, la realidad es que enfrenta serias p\u00e9rdidas por la pandemia.<\/p>\n\n\n\n<p>La empresa, que tiene m\u00e1s de cien mil empleados en el vecino pa\u00eds del norte, asegur\u00f3 que&nbsp;67% de los que ser\u00e1n dados de baja se incorporar\u00e1n como trabajadores a tiempo parcial.<\/p>\n\n\n\n<blockquote class=\"wp-block-quote is-layout-flow wp-block-quote-is-layout-flow\"><p>\u00abComo se puede imaginar, una decisi\u00f3n de esta magnitud no es f\u00e1cil\u00bb, dijo&nbsp;<strong>Josh D\u2019Amaro, presidente de Disney Parks<\/strong><\/p><\/blockquote>\n\n\n\n<p>Este recorte afectar\u00e1 la unidad de&nbsp;<strong>Parques, Experiencias y Productos de Disney<\/strong>.<\/p>\n\n\n\n<h2 class=\"wp-block-heading\">Despedir\u00e1 Disney a 28 mil empleados por crisis; en jaque debido a medidas de sana distancia<\/h2>\n\n\n\n<p>El presidente de&nbsp;<strong>Disney Parks<\/strong>, dijo que los recortes de personal eran necesarios debido al impacto prolongado del coronavirus en los negocio, que los oblig\u00f3 a cerrar a nivel mundial en los primeros meses del a\u00f1o. Debido a esta crisis, las ganancias de la compa\u00f1\u00eda cayeron 91%.<\/p>\n\n\n\n<p>Adem\u00e1s, la medida de distancia m\u00ednima contin\u00faa afectando la operatividad de los parques, pues no pueden funcionar a 100% de su capacidad.<\/p>\n\n\n\n<blockquote class=\"wp-block-quote is-layout-flow wp-block-quote-is-layout-flow\"><p>\u00abHemos recortado gastos, suspendido proyectos de capital, dado de baja a nuestros miembros del elenco mientras seguimos pagando beneficios y modificado nuestras operaciones para que funcionen de la manera m\u00e1s eficiente posible, sin embargo, simplemente no podemos mantener el personal completo de forma responsable mientras operamos a una capacidad tan limitada\u201d, lament\u00f3.<\/p><\/blockquote>\n\n\n\n<p>Por otra parte, el empresario culp\u00f3 al estado de California por su supuesta falta de voluntad para levantar las restricciones que permitir\u00edan la reapertura de Disneyland. Este resort y California Adventure, ambas insignias de la compa\u00f1\u00eda han permanecido cerrados desde marzo.<\/p>\n","protected":false},"excerpt":{"rendered":"<p>Despedir\u00e1&nbsp;Disney&nbsp;a 28 mil empleados&nbsp;por crisis,&nbsp;tan s\u00f3lo en Estados Unidos. Pese a que la empresa del rat\u00f3n m\u00e1s famoso del mundo confiaba en la reapertura, la realidad es que enfrenta serias p\u00e9rdidas por la pandemia. La empresa, que tiene m\u00e1s de cien mil empleados en el vecino pa\u00eds del norte, asegur\u00f3 que&nbsp;67% de los que ser\u00e1n [&hellip;]<\/p>\n","protected":false},"author":1,"featured_media":1622,"comment_status":"open","ping_status":"open","sticky":false,"template":"","format":"standard","meta":{"footnotes":""},"categories":[12],"tags":[],"class_list":["post-1621","post","type-post","status-publish","format-standard","has-post-thumbnail","hentry","category-sin-categoria"],"_links":{"self":[{"href":"https:\/\/podernacional.com\/index.php?rest_route=\/wp\/v2\/posts\/1621","targetHints":{"allow":["GET"]}}],"collection":[{"href":"https:\/\/podernacional.com\/index.php?rest_route=\/wp\/v2\/posts"}],"about":[{"href":"https:\/\/podernacional.com\/index.php?rest_route=\/wp\/v2\/types\/post"}],"author":[{"embeddable":true,"href":"https:\/\/podernacional.com\/index.php?rest_route=\/wp\/v2\/users\/1"}],"replies":[{"embeddable":true,"href":"https:\/\/podernacional.com\/index.php?rest_route=%2Fwp%2Fv2%2Fcomments&post=1621"}],"version-history":[{"count":0,"href":"https:\/\/podernacional.com\/index.php?rest_route=\/wp\/v2\/posts\/1621\/revisions"}],"wp:featuredmedia":[{"embeddable":true,"href":"https:\/\/podernacional.com\/index.php?rest_route=\/wp\/v2\/media\/1622"}],"wp:attachment":[{"href":"https:\/\/podernacional.com\/index.php?rest_route=%2Fwp%2Fv2%2Fmedia&parent=1621"}],"wp:term":[{"taxonomy":"category","embeddable":true,"href":"https:\/\/podernacional.com\/index.php?rest_route=%2Fwp%2Fv2%2Fcategories&post=1621"},{"taxonomy":"post_tag","embeddable":true,"href":"https:\/\/podernacional.com\/index.php?rest_route=%2Fwp%2Fv2%2Ftags&post=1621"}],"curies":[{"name":"wp","href":"https:\/\/api.w.org\/{rel}","templated":true}]}}