{"id":16258,"date":"2023-06-01T18:51:28","date_gmt":"2023-06-01T23:51:28","guid":{"rendered":"https:\/\/podernacional.com\/?p=16258"},"modified":"2023-06-01T23:51:30","modified_gmt":"2023-06-01T23:51:30","slug":"ante-la-cfe-anahi-gonzalez-solicita-bajar-tarifas-en-todo-quintana-roo","status":"publish","type":"post","link":"https:\/\/podernacional.com\/?p=16258","title":{"rendered":"Ante la CFE, Anah\u00ed Gonz\u00e1lez solicita bajar tarifas en todo Quintana Roo"},"content":{"rendered":"<h4>Proponen revisar criterios y requisitos para poder incluir a todo el territorio de Quintana Roo en la tarifa el\u00e9ctrica de verano.<\/h4>\n<p>Con el objetivo de revisar criterios y requisitos para poder incluir a todo el territorio de Quintana Roo.<\/p>\n<p>Esto\u00a0en la tarifa el\u00e9ctrica de verano con beneficios que actualmente favorecen a Benito Ju\u00e1rez y Oth\u00f3n P. Blanco.<\/p>\n<p>Por ende\u00a0la diputada federal Anah\u00ed Gonz\u00e1lez se reuni\u00f3 con directivos de la Comisi\u00f3n Federal de Electricidad (CFE).<\/p>\n<p>Lugar en\u00a0donde tambi\u00e9n trat\u00f3 el tema de los apagones continuos en el poblado de Xcalak.<\/p>\n<p>Esta reuni\u00f3n se llev\u00f3 a cabo en las oficinas del corporativo de la empresa.<\/p>\n<p>Adem\u00e1s de con directivos del \u00e1rea de la Direcci\u00f3n General del Suministrador de Servicios B\u00e1sicos.<\/p>\n<p>As\u00ed como de la Direcci\u00f3n de Distribuci\u00f3n, propiciado por el \u00e1rea de coordinaci\u00f3n de Relaciones Interinstitucionales de la CFE.<\/p>\n<p>As\u00ed como\u00a0con mediaci\u00f3n de Erica Bombela, gerente de Relaciones Institucionales.<\/p>\n<h4>Sobre el primer punto, la legisladora quintanarroense escuch\u00f3 los argumentos con relaci\u00f3n a las bases en que se determina el subsidio.<\/h4>\n<p>De las tarifas en la regi\u00f3n, mediante la lectura de temperatura media mensual.<\/p>\n<p>As\u00ed como que son reportadas por las estaciones meteorol\u00f3gicas de la Comisi\u00f3n Nacional del Agua (Conagua).<\/p>\n<p>\u201cEl registro lo procesa la CFE para determinar a qu\u00e9 poblaci\u00f3n aplica el subsidio de la tarifa de verano\u201d.<\/p>\n<p>\u201cAdem\u00e1s de\u00a0la medici\u00f3n se valida en un rango de tres a cinco a\u00f1os en los que la media anual sea de 31 grados Celsius\u201d, detall\u00f3.<\/p>\n<p>En ese sentido, la diputada Integrante de la Comisi\u00f3n de Bienestar pretende reunirse tambi\u00e9n con la Direcci\u00f3n General de la Conagua.<\/p>\n<p>As\u00ed como\u00a0para conseguir que cambien los criterios, y les solicitar\u00e1 el registro de d\u00f3nde se localizan en el estado de Quintana Roo.<\/p>\n<p>As\u00ed como de\u00a0sus estaciones meteorol\u00f3gicas, cu\u00e1ntas son, de qu\u00e9 clase y modelo.<\/p>\n<p>Adem\u00e1s de estar\u00a0dado que se puede inferir que se trata de equipos anacr\u00f3nicos dispersos en el territorio desde hace cuando menos 10 a\u00f1os atr\u00e1s.<\/p>\n<p>\u201cSus datos sirven de referencia para que la CFE determine que la mayor\u00eda de las poblaciones del sur de Quintana Roo\u201d.<\/p>\n<p>\u201cAdem\u00e1s de que\u00a0no cumplen con la media anual de los 31 grados cent\u00edgrados\u201d.<\/p>\n<p>\u201cAl igual de \u00a0cuando es evidente el golpe de calor que los usuarios tienen que soportar\u201d.<\/p>\n<p>\u201cAdem\u00e1s de que\u00a0m\u00e1s requerimiento de energ\u00eda en sus refrigeradores, ventiladores o aires acondicionados\u201d.<\/p>\n<h4>\u201cAs\u00ed como\u00a0que presionan su econom\u00eda familiar\u201d, lament\u00f3 la tambi\u00e9n fundadora de Morena Quintana Roo.<\/h4>\n<p>En cuanto al siguiente punto, Anah\u00ed Gonz\u00e1lez explic\u00f3 que desde hace a\u00f1os tienen la problem\u00e1tica de apagones continuos.<\/p>\n<p>De todos los d\u00edas en Xcalak (Oth\u00f3n P. Blanco), lo que ocasiona p\u00e9rdidas econ\u00f3micas y problemas de seguridad y salud en el poblado.<\/p>\n<p>Adem\u00e1s de que\u00a0en el que la mayor\u00eda son pescadores y comerciantes.<\/p>\n<p>Al respecto, manifest\u00f3 la urgencia de resolver dicha problem\u00e1tica, por lo que se acord\u00f3 hacer equipo con la CFE que propuso a priori.<\/p>\n<p>Que, como integrante del Congreso de la Uni\u00f3n, gestione el costo del brecheo de 30 hect\u00e1reas.<\/p>\n<p>As\u00ed como de\u00a0mientras que la subgerencia de distribuci\u00f3n de CFE evaluar\u00e1 el proyecto que ofreci\u00f3 presentar en 10 d\u00edas.<\/p>\n<p>Esto, a\u00f1adi\u00f3, incluir\u00e1 el costo del levantamiento y afinaci\u00f3n de la volumetr\u00eda de todos los materiales que se requieren.<\/p>\n<p>As\u00ed\u00a0como retirar el conductor desnudo y colocar el conductor recalibrado forrado o semiaislado, los herrajes el\u00e9ctricos.<\/p>\n<p>Adem\u00e1s de\u00a0la puesta de 60 kil\u00f3metros, con recursos propios de la CFE, en atenci\u00f3n a lo manifestado por los pobladores.<\/p>\n","protected":false},"excerpt":{"rendered":"<p>Proponen revisar criterios y requisitos para poder incluir a todo el territorio de Quintana Roo en la tarifa el\u00e9ctrica de verano. Con el objetivo de revisar criterios y requisitos para poder incluir a todo el territorio de Quintana Roo. Esto\u00a0en la tarifa el\u00e9ctrica de verano con beneficios que actualmente favorecen a Benito Ju\u00e1rez y Oth\u00f3n [&hellip;]<\/p>\n","protected":false},"author":1,"featured_media":16260,"comment_status":"open","ping_status":"closed","sticky":false,"template":"","format":"standard","meta":{"footnotes":""},"categories":[10],"tags":[],"class_list":["post-16258","post","type-post","status-publish","format-standard","has-post-thumbnail","hentry","category-quintana-roo"],"_links":{"self":[{"href":"https:\/\/podernacional.com\/index.php?rest_route=\/wp\/v2\/posts\/16258","targetHints":{"allow":["GET"]}}],"collection":[{"href":"https:\/\/podernacional.com\/index.php?rest_route=\/wp\/v2\/posts"}],"about":[{"href":"https:\/\/podernacional.com\/index.php?rest_route=\/wp\/v2\/types\/post"}],"author":[{"embeddable":true,"href":"https:\/\/podernacional.com\/index.php?rest_route=\/wp\/v2\/users\/1"}],"replies":[{"embeddable":true,"href":"https:\/\/podernacional.com\/index.php?rest_route=%2Fwp%2Fv2%2Fcomments&post=16258"}],"version-history":[{"count":1,"href":"https:\/\/podernacional.com\/index.php?rest_route=\/wp\/v2\/posts\/16258\/revisions"}],"predecessor-version":[{"id":16259,"href":"https:\/\/podernacional.com\/index.php?rest_route=\/wp\/v2\/posts\/16258\/revisions\/16259"}],"wp:featuredmedia":[{"embeddable":true,"href":"https:\/\/podernacional.com\/index.php?rest_route=\/wp\/v2\/media\/16260"}],"wp:attachment":[{"href":"https:\/\/podernacional.com\/index.php?rest_route=%2Fwp%2Fv2%2Fmedia&parent=16258"}],"wp:term":[{"taxonomy":"category","embeddable":true,"href":"https:\/\/podernacional.com\/index.php?rest_route=%2Fwp%2Fv2%2Fcategories&post=16258"},{"taxonomy":"post_tag","embeddable":true,"href":"https:\/\/podernacional.com\/index.php?rest_route=%2Fwp%2Fv2%2Ftags&post=16258"}],"curies":[{"name":"wp","href":"https:\/\/api.w.org\/{rel}","templated":true}]}}