{"id":16261,"date":"2023-06-01T18:54:24","date_gmt":"2023-06-01T23:54:24","guid":{"rendered":"https:\/\/podernacional.com\/?p=16261"},"modified":"2023-06-01T23:54:25","modified_gmt":"2023-06-01T23:54:25","slug":"imss-anuncia-160-millones-para-fortalecer-el-servicio-en-q-roo","status":"publish","type":"post","link":"https:\/\/podernacional.com\/?p=16261","title":{"rendered":"IMSS anuncia $160 millones para fortalecer el servicio en Q. Roo"},"content":{"rendered":"<h4>Aseguran que 120 millones de pesos ser\u00e1n para la construcci\u00f3n y equipamiento de una cl\u00ednica en Chemuyil.<\/h4>\n<p>El Instituto Mexicano del Seguro Social (IMSS) invertir\u00e1 este a\u00f1o 160 millones de pesos para dos proyectos de atenci\u00f3n en salud.<\/p>\n<p>El cual es\u00a0para fortalecer su infraestructura y equipamiento en Quintana Roo.<\/p>\n<p>En el marco de su informe de actividades, Miguel \u00c1ngel Van-Dick Puga, delegado del instituto en la entidad.<\/p>\n<p>El cual detall\u00f3 que 120 millones de pesos ser\u00e1n para la construcci\u00f3n y equipamiento de una cl\u00ednica en el poblado de Chemuyil.<\/p>\n<p>Otros 40 millones de pesos se destinar\u00e1n a la creaci\u00f3n de dos Unidades de Cuidados Intensivos Neonatales en Canc\u00fan y Playa del Carmen.<\/p>\n<p>De\u00a0las cuales, s\u00f3lo existen en entidades como Jalisco, Nuevo Le\u00f3n, Puebla y la Ciudad de M\u00e9xico, tienen actualmente.<\/p>\n<p>\u00abEs una necesidad urgente, estas unidades s\u00f3lo las hay en los estados grandes, pero aqu\u00ed, la madre cobra una relevancia importante\u00bb, dijo.<\/p>\n<p>Adem\u00e1s de que\u00a0a\u00f1adi\u00f3 que este es un compromiso que hizo el director del IMSS, \u00a0Zoe Robledo, con la gobernadora \u00a0Mara Lezama Espinosa.<\/p>\n<p>Con la Unidad correspondiente al Hospital General de Zona No. 18 en Solidaridad se beneficiar\u00e1 a 111 mil 057 usuarios.<\/p>\n<p>As\u00ed como de mientras que en Canc\u00fan el n\u00famero de derechohabientes es de 167 mil 938 personas.<\/p>\n<p>En tanto, el proyecto en el municipio de Tulum, que ser\u00e1 una Unidad de Medicina Familiar en el poblado de Chemuyil.<\/p>\n<p>El cual\u00a0beneficiar\u00e1 a 227 mil 797 derechohabientes.<\/p>\n<p>En materia de recursos, Marcos Bucio, secretario general del IMSS, indic\u00f3 que adicional a los proyectos.<\/p>\n<h4>Adem\u00e1s del Instituto destinar\u00e1 750 millones de pesos en contratos integrales, hasta junio del 2025.<\/h4>\n<p>Esto\u00a0para que el cambio de administraci\u00f3n a nivel federal, no afecte los servicios como el tamiz neonatal, anestesiolog\u00eda, laboratorios y banco de sangre.<\/p>\n<p>\u00abEn materia de conservaci\u00f3n, vamos a seguir invirtiendo una cantidad muy fuerte para el mantenimiento y adquisici\u00f3n de equipo\u00bb, dijo.<\/p>\n<p>En otros aspectos, Van-Dick Puga destac\u00f3 que se alcanz\u00f3 un nivel r\u00e9cord en el abasto de medicamentos.<\/p>\n<p>Esto\u00a0al llegar a casi dos millones de recetas surtidas al 100%, superando 20.53% la atenci\u00f3n que se tuvo en 2021.<\/p>\n<p>Dijo que parte de este logro se debi\u00f3 a la apertura de un sub almac\u00e9n delegacional en la zona norte de la entidad.<\/p>\n<p>Adem\u00e1s de que se encarga de proveer de suministros a 12 unidades m\u00e9dicas en siete municipios.<\/p>\n<p>La delegaci\u00f3n de Quintana Roo destac\u00f3 a nivel nacional en diversos rubros, como generaci\u00f3n de n\u00f3minas institucionales.<\/p>\n<p>Esto en\u00a0primer lugar en juicios de primera instancia, segundo lugar en resoluci\u00f3n de segunda instancia y tercer lugar nacional en eficiencia en el gasto.<\/p>\n<p>\u00abEl IMSS, no s\u00f3lo es aliado en contribuir a los prop\u00f3sitos de la Cuarta Transformaci\u00f3n.<\/p>\n<p>Adem\u00e1s que\u00a0sino que se ha convertido en un pilar de la misma. Hoy m\u00e1s que nunca.<\/p>\n<p>Adem\u00e1s de que\u00a0el Seguro Social es un \u00e1guila que extiende sus alas para abrazar.<\/p>\n<p>A\u00a0las y los mexicanos en los momentos que m\u00e1s se necesitan\u00bb, se\u00f1al\u00f3.<\/p>\n<p>Al finalizar su informe, Van-Dick Puga recibi\u00f3 un reconocimiento por sus gestiones al frente de la Delegaci\u00f3n, as\u00ed como por sus 39 a\u00f1os de servicio.<\/p>\n<p>En el acto, tambi\u00e9n recibieron reconocimientos el personal de Enfermer\u00eda y \u00e1rea m\u00e9dica del IMSS.<\/p>\n","protected":false},"excerpt":{"rendered":"<p>Aseguran que 120 millones de pesos ser\u00e1n para la construcci\u00f3n y equipamiento de una cl\u00ednica en Chemuyil. El Instituto Mexicano del Seguro Social (IMSS) invertir\u00e1 este a\u00f1o 160 millones de pesos para dos proyectos de atenci\u00f3n en salud. El cual es\u00a0para fortalecer su infraestructura y equipamiento en Quintana Roo. En el marco de su informe [&hellip;]<\/p>\n","protected":false},"author":1,"featured_media":16263,"comment_status":"open","ping_status":"closed","sticky":false,"template":"","format":"standard","meta":{"footnotes":""},"categories":[10],"tags":[],"class_list":["post-16261","post","type-post","status-publish","format-standard","has-post-thumbnail","hentry","category-quintana-roo"],"_links":{"self":[{"href":"https:\/\/podernacional.com\/index.php?rest_route=\/wp\/v2\/posts\/16261","targetHints":{"allow":["GET"]}}],"collection":[{"href":"https:\/\/podernacional.com\/index.php?rest_route=\/wp\/v2\/posts"}],"about":[{"href":"https:\/\/podernacional.com\/index.php?rest_route=\/wp\/v2\/types\/post"}],"author":[{"embeddable":true,"href":"https:\/\/podernacional.com\/index.php?rest_route=\/wp\/v2\/users\/1"}],"replies":[{"embeddable":true,"href":"https:\/\/podernacional.com\/index.php?rest_route=%2Fwp%2Fv2%2Fcomments&post=16261"}],"version-history":[{"count":1,"href":"https:\/\/podernacional.com\/index.php?rest_route=\/wp\/v2\/posts\/16261\/revisions"}],"predecessor-version":[{"id":16262,"href":"https:\/\/podernacional.com\/index.php?rest_route=\/wp\/v2\/posts\/16261\/revisions\/16262"}],"wp:featuredmedia":[{"embeddable":true,"href":"https:\/\/podernacional.com\/index.php?rest_route=\/wp\/v2\/media\/16263"}],"wp:attachment":[{"href":"https:\/\/podernacional.com\/index.php?rest_route=%2Fwp%2Fv2%2Fmedia&parent=16261"}],"wp:term":[{"taxonomy":"category","embeddable":true,"href":"https:\/\/podernacional.com\/index.php?rest_route=%2Fwp%2Fv2%2Fcategories&post=16261"},{"taxonomy":"post_tag","embeddable":true,"href":"https:\/\/podernacional.com\/index.php?rest_route=%2Fwp%2Fv2%2Ftags&post=16261"}],"curies":[{"name":"wp","href":"https:\/\/api.w.org\/{rel}","templated":true}]}}