{"id":16267,"date":"2023-06-01T18:59:52","date_gmt":"2023-06-01T23:59:52","guid":{"rendered":"https:\/\/podernacional.com\/?p=16267"},"modified":"2023-06-01T23:59:54","modified_gmt":"2023-06-01T23:59:54","slug":"arranca-el-festival-de-cine-infantil-de-zlin","status":"publish","type":"post","link":"https:\/\/podernacional.com\/?p=16267","title":{"rendered":"Arranca el Festival de Cine Infantil de Zl\u00edn"},"content":{"rendered":"<h4>La 63 edici\u00f3n del Festival Internacional de Cine Infantil empez\u00f3 este jueves en la ciudad de Zl\u00edn.<\/h4>\n<p>Este a\u00f1o, el evento contar\u00e1 con 295 pel\u00edculas procedentes de 50 pa\u00edses, algunas de ellas tendr\u00e1n su estreno mundial en Zl\u00edn.<\/p>\n<p>De los pa\u00edses europeos participar\u00e1n, por ejemplo, Alemania, Finlandia o Francia. Asimismo, se podr\u00e1n ver pel\u00edculas de Per\u00fa, Nicaragua o Catar.<\/p>\n<p>El festival est\u00e1 abierto al p\u00fablico y por la ma\u00f1ana ofrece proyecciones para escuelas.<\/p>\n<p>Debido al gran inter\u00e9s por parte de los centros de educaci\u00f3n, este a\u00f1o la ciudad de Zl\u00edn contar\u00e1 con un nuevo lugar de proyecci\u00f3n.<\/p>\n<p>El cual est\u00e1 situado en la Universidad de Tom\u00e1\u0161 Ba\u0165a.<\/p>\n<p>El festival se prolongar\u00e1 hasta el 7 de junio. Se trata del festival de cine infantil m\u00e1s antiguo y m\u00e1s grande del planeta.<\/p>\n","protected":false},"excerpt":{"rendered":"<p>La 63 edici\u00f3n del Festival Internacional de Cine Infantil empez\u00f3 este jueves en la ciudad de Zl\u00edn. Este a\u00f1o, el evento contar\u00e1 con 295 pel\u00edculas procedentes de 50 pa\u00edses, algunas de ellas tendr\u00e1n su estreno mundial en Zl\u00edn. De los pa\u00edses europeos participar\u00e1n, por ejemplo, Alemania, Finlandia o Francia. Asimismo, se podr\u00e1n ver pel\u00edculas de [&hellip;]<\/p>\n","protected":false},"author":1,"featured_media":16269,"comment_status":"open","ping_status":"closed","sticky":false,"template":"","format":"standard","meta":{"footnotes":""},"categories":[10],"tags":[],"class_list":["post-16267","post","type-post","status-publish","format-standard","has-post-thumbnail","hentry","category-quintana-roo"],"_links":{"self":[{"href":"https:\/\/podernacional.com\/index.php?rest_route=\/wp\/v2\/posts\/16267","targetHints":{"allow":["GET"]}}],"collection":[{"href":"https:\/\/podernacional.com\/index.php?rest_route=\/wp\/v2\/posts"}],"about":[{"href":"https:\/\/podernacional.com\/index.php?rest_route=\/wp\/v2\/types\/post"}],"author":[{"embeddable":true,"href":"https:\/\/podernacional.com\/index.php?rest_route=\/wp\/v2\/users\/1"}],"replies":[{"embeddable":true,"href":"https:\/\/podernacional.com\/index.php?rest_route=%2Fwp%2Fv2%2Fcomments&post=16267"}],"version-history":[{"count":1,"href":"https:\/\/podernacional.com\/index.php?rest_route=\/wp\/v2\/posts\/16267\/revisions"}],"predecessor-version":[{"id":16268,"href":"https:\/\/podernacional.com\/index.php?rest_route=\/wp\/v2\/posts\/16267\/revisions\/16268"}],"wp:featuredmedia":[{"embeddable":true,"href":"https:\/\/podernacional.com\/index.php?rest_route=\/wp\/v2\/media\/16269"}],"wp:attachment":[{"href":"https:\/\/podernacional.com\/index.php?rest_route=%2Fwp%2Fv2%2Fmedia&parent=16267"}],"wp:term":[{"taxonomy":"category","embeddable":true,"href":"https:\/\/podernacional.com\/index.php?rest_route=%2Fwp%2Fv2%2Fcategories&post=16267"},{"taxonomy":"post_tag","embeddable":true,"href":"https:\/\/podernacional.com\/index.php?rest_route=%2Fwp%2Fv2%2Ftags&post=16267"}],"curies":[{"name":"wp","href":"https:\/\/api.w.org\/{rel}","templated":true}]}}