{"id":16307,"date":"2023-06-02T17:26:14","date_gmt":"2023-06-02T22:26:14","guid":{"rendered":"https:\/\/podernacional.com\/?p=16307"},"modified":"2023-06-02T22:26:15","modified_gmt":"2023-06-02T22:26:15","slug":"regresa-amlo-a-mujeres-mayas-la-tierra-que-nunca-debieron-quitarles","status":"publish","type":"post","link":"https:\/\/podernacional.com\/?p=16307","title":{"rendered":"Regresa AMLO a mujeres mayas la tierra &#039;&#039;que nunca debieron quitarles&#039;&#039;"},"content":{"rendered":"<h4>\u00bbAhora son propietarias de lo que ya era suyo, una paradoja, pues se les regresa lo que perteneci\u00f3 a sus ancestros\u00bb<\/h4>\n<p>Un total de 39 mujeres de Quintana Roo fueron beneficiadas con la entrega de documentos agrarios del programa Mujeres por el Acceso a la Tierra.<\/p>\n<p>El cual es\u00a0acto encabezado por el presidente de M\u00e9xico, Andr\u00e9s Manuel L\u00f3pez Obrador, este viernes en la explanada de la bandera de Chetumal.<\/p>\n<p>\u00abEs un acto de justicia\u00bb, dijo el mandatario, quien record\u00f3 que muchas personas de diferentes puntos del pa\u00eds llegaron a poblar Quintana Roo.<\/p>\n<p>Adem\u00e1s de que\u00a0conformaron ejidos y colonias, gran parte de ellas mujeres que ahora contar\u00e1n con certeza jur\u00eddica de su propiedad.<\/p>\n<p>El jefe del Ejecutivo federal estuvo acompa\u00f1ado por la gobernadora Mara Lezama; la esposa del presidente, Beatriz Guti\u00e9rrez M\u00fcller.<\/p>\n<h4>Adem\u00e1s del titular de la Secretar\u00eda de Desarrollo Agrario, Territorial y Urbano (Sedatu), Rom\u00e5n Meyer; el procurador agrario.<\/h4>\n<p>As\u00ed como de Luis Hern\u00e1ndez y la magistrada presidente del tribunal agrario, Maribel M\u00e9ndez. Estuvieron presentes tambi\u00e9n tres de las beneficiarias del programa.<\/p>\n<p>Invitada al estrado, Guti\u00e9rrez M\u00fcller dijo que el documento es meramente un tr\u00e1mite, pues se les regresa \u00abla tierra que nunca debieron quitarles\u00bb.<\/p>\n<p>Se\u00f1al\u00f3 que luego de m\u00e1s de 100 a\u00f1os de resistencia tras el intento de exterminio del pueblo maya.<\/p>\n<p>Adem\u00e1s de que\u00a0\u00abesa cultura maya resistente ha llegado a este momento donde muchas de ustedes se vuelven propietarias de lo que ya era suyo\u201d.<\/p>\n<p>\u201cEl cual, es una paradoja, pues se les regresa lo que perteneci\u00f3 a sus ancestros\u00bb.<\/p>\n<p>Mujeres por el Acceso a la Tierra es un programa federal, instrumentado por la Secretar\u00eda de Desarrollo Agrario, Territorial y Urbano (Sedatu).<\/p>\n<p>Esto\u00a0con la participaci\u00f3n de la Procuradur\u00eda Agraria, el Registro Agrario Nacional y el Instituto Nacional de las Mujeres.<\/p>\n<p>Adem\u00e1s de que\u00a0tiene el objetivo de garantizar la custodia sobre la tierra otorgada a las mujeres, con certeza jur\u00eddica.<\/p>\n<p>Esta entrega es fundamental porque la propiedad de la tierra es un elemento clave para el empoderadas de las mujeres.<\/p>\n<p>As\u00ed como de quienes pierden autonom\u00eda y capacidad de decisi\u00f3n en la familia al no contar con certeza jur\u00eddica.<\/p>\n<p>Esto lo dijo la gobernadora de Quintana Roo, Mara Lezama.<\/p>\n","protected":false},"excerpt":{"rendered":"<p>\u00bbAhora son propietarias de lo que ya era suyo, una paradoja, pues se les regresa lo que perteneci\u00f3 a sus ancestros\u00bb Un total de 39 mujeres de Quintana Roo fueron beneficiadas con la entrega de documentos agrarios del programa Mujeres por el Acceso a la Tierra. El cual es\u00a0acto encabezado por el presidente de M\u00e9xico, [&hellip;]<\/p>\n","protected":false},"author":1,"featured_media":16309,"comment_status":"open","ping_status":"closed","sticky":false,"template":"","format":"standard","meta":{"footnotes":""},"categories":[10],"tags":[],"class_list":["post-16307","post","type-post","status-publish","format-standard","has-post-thumbnail","hentry","category-quintana-roo"],"_links":{"self":[{"href":"https:\/\/podernacional.com\/index.php?rest_route=\/wp\/v2\/posts\/16307","targetHints":{"allow":["GET"]}}],"collection":[{"href":"https:\/\/podernacional.com\/index.php?rest_route=\/wp\/v2\/posts"}],"about":[{"href":"https:\/\/podernacional.com\/index.php?rest_route=\/wp\/v2\/types\/post"}],"author":[{"embeddable":true,"href":"https:\/\/podernacional.com\/index.php?rest_route=\/wp\/v2\/users\/1"}],"replies":[{"embeddable":true,"href":"https:\/\/podernacional.com\/index.php?rest_route=%2Fwp%2Fv2%2Fcomments&post=16307"}],"version-history":[{"count":1,"href":"https:\/\/podernacional.com\/index.php?rest_route=\/wp\/v2\/posts\/16307\/revisions"}],"predecessor-version":[{"id":16308,"href":"https:\/\/podernacional.com\/index.php?rest_route=\/wp\/v2\/posts\/16307\/revisions\/16308"}],"wp:featuredmedia":[{"embeddable":true,"href":"https:\/\/podernacional.com\/index.php?rest_route=\/wp\/v2\/media\/16309"}],"wp:attachment":[{"href":"https:\/\/podernacional.com\/index.php?rest_route=%2Fwp%2Fv2%2Fmedia&parent=16307"}],"wp:term":[{"taxonomy":"category","embeddable":true,"href":"https:\/\/podernacional.com\/index.php?rest_route=%2Fwp%2Fv2%2Fcategories&post=16307"},{"taxonomy":"post_tag","embeddable":true,"href":"https:\/\/podernacional.com\/index.php?rest_route=%2Fwp%2Fv2%2Ftags&post=16307"}],"curies":[{"name":"wp","href":"https:\/\/api.w.org\/{rel}","templated":true}]}}