{"id":16310,"date":"2023-06-02T17:28:06","date_gmt":"2023-06-02T22:28:06","guid":{"rendered":"https:\/\/podernacional.com\/?p=16310"},"modified":"2023-06-02T22:28:07","modified_gmt":"2023-06-02T22:28:07","slug":"resaltan-en-quintana-roo-labor-de-la-marina","status":"publish","type":"post","link":"https:\/\/podernacional.com\/?p=16310","title":{"rendered":"Resaltan en Quintana Roo labor de la Marina"},"content":{"rendered":"<h4>La gobernadora Mara Lezama Espinosa particip\u00f3 en la celebraci\u00f3n del D\u00eda de la Marina Nacional y ofrenda floral en honor a los hombres.<\/h4>\n<p>Adem\u00e1s de \u00a0mujeres ca\u00eddos en cumplimiento de su deber, en la Novena Regi\u00f3n Naval, con la presencia del comandante vicealmirante Gilberto Carballo \u00c1vila.<\/p>\n<p>\u201cEsta es una ocasi\u00f3n especial en la que honramos a los hombres y mujeres que, desde las filas de la Armada de M\u00e9xico\u201d.<\/p>\n<p>Adem\u00e1s de que\u00a0sirven a nuestra naci\u00f3n y protegen nuestro territorio y soberan\u00eda\u201d, la mandataria quintanarroense.<\/p>\n<p>En el marco de esta celebraci\u00f3n, expres\u00f3 su m\u00e1s sincero cari\u00f1o.<\/p>\n<p>As\u00ed como de\u00a0reconocimiento por su dedicaci\u00f3n diaria en la preservaci\u00f3n de los intereses nacionales y de la entidad.<\/p>\n<p>Brindan capacitaci\u00f3n permanente a mujeres en IslaBrindan capacitaci\u00f3n permanente a mujeres en Isla<\/p>\n<p>Lezama Espinosa precis\u00f3 que la sociedad valora enormemente su contribuci\u00f3n y sabe que pueden contar con su apoyo constante.<\/p>\n<h4>El cual est\u00e1\u00a0sumando esfuerzos con el Nuevo Acuerdo por el Bienestar y Desarrollo de Quintana Roo.<\/h4>\n<p>Esto\u00a0\u201ca trav\u00e9s del cual se avanza en la transformaci\u00f3n profunda de la entidad\u201d.<\/p>\n<p>Como parte central del evento, el comandante vicealmirante Gilberto Carballo \u00c1vila dio lectura al mensaje del almirante Rafael Ojeda Dur\u00e1n.<\/p>\n<p>El cual es el, secretario de Marina, en donde destac\u00f3 que hoy M\u00e9xico tiene una Marina sustentable y s\u00f3lida, factor clave para el desarrollo nacional.<\/p>\n<p>\u201cJuntos trabajamos para convertir a M\u00e9xico en un pa\u00eds m\u00e1s justo, igualitario, equitativo y sustentable.<\/p>\n<p>Emprendemos la transformaci\u00f3n de nuestros mares en una nueva ruta para el comercio internacional\u201d, mencion\u00f3 el secretario Ojeda Dur\u00e1n.<\/p>\n<p>La evocaci\u00f3n a los marinos ca\u00eddos estuvo a cargo del contralmirante No\u00e9 Cruz Guti\u00e9rrez, encargado de Despacho de la Capitan\u00eda de Puerto en Isla Mujeres<\/p>\n<p>Se procedi\u00f3 a una ofrenda floral y al toque de silencio, que dio mayor solemnidad a la ceremonia.<\/p>\n<p>Asistieron las presidentas municipales de Isla Mujeres, Atenea G\u00f3mez Ricalde; de Benito Ju\u00e1rez, Ana Patricia Peralta de la Pe\u00f1a.<\/p>\n<p>As\u00ed como otras autoridades militares y civiles.<\/p>\n","protected":false},"excerpt":{"rendered":"<p>La gobernadora Mara Lezama Espinosa particip\u00f3 en la celebraci\u00f3n del D\u00eda de la Marina Nacional y ofrenda floral en honor a los hombres. Adem\u00e1s de \u00a0mujeres ca\u00eddos en cumplimiento de su deber, en la Novena Regi\u00f3n Naval, con la presencia del comandante vicealmirante Gilberto Carballo \u00c1vila. \u201cEsta es una ocasi\u00f3n especial en la que honramos [&hellip;]<\/p>\n","protected":false},"author":1,"featured_media":16312,"comment_status":"open","ping_status":"closed","sticky":false,"template":"","format":"standard","meta":{"footnotes":""},"categories":[1],"tags":[],"class_list":["post-16310","post","type-post","status-publish","format-standard","has-post-thumbnail","hentry","category-uncategorized"],"_links":{"self":[{"href":"https:\/\/podernacional.com\/index.php?rest_route=\/wp\/v2\/posts\/16310","targetHints":{"allow":["GET"]}}],"collection":[{"href":"https:\/\/podernacional.com\/index.php?rest_route=\/wp\/v2\/posts"}],"about":[{"href":"https:\/\/podernacional.com\/index.php?rest_route=\/wp\/v2\/types\/post"}],"author":[{"embeddable":true,"href":"https:\/\/podernacional.com\/index.php?rest_route=\/wp\/v2\/users\/1"}],"replies":[{"embeddable":true,"href":"https:\/\/podernacional.com\/index.php?rest_route=%2Fwp%2Fv2%2Fcomments&post=16310"}],"version-history":[{"count":1,"href":"https:\/\/podernacional.com\/index.php?rest_route=\/wp\/v2\/posts\/16310\/revisions"}],"predecessor-version":[{"id":16311,"href":"https:\/\/podernacional.com\/index.php?rest_route=\/wp\/v2\/posts\/16310\/revisions\/16311"}],"wp:featuredmedia":[{"embeddable":true,"href":"https:\/\/podernacional.com\/index.php?rest_route=\/wp\/v2\/media\/16312"}],"wp:attachment":[{"href":"https:\/\/podernacional.com\/index.php?rest_route=%2Fwp%2Fv2%2Fmedia&parent=16310"}],"wp:term":[{"taxonomy":"category","embeddable":true,"href":"https:\/\/podernacional.com\/index.php?rest_route=%2Fwp%2Fv2%2Fcategories&post=16310"},{"taxonomy":"post_tag","embeddable":true,"href":"https:\/\/podernacional.com\/index.php?rest_route=%2Fwp%2Fv2%2Ftags&post=16310"}],"curies":[{"name":"wp","href":"https:\/\/api.w.org\/{rel}","templated":true}]}}