{"id":16316,"date":"2023-06-02T17:33:09","date_gmt":"2023-06-02T22:33:09","guid":{"rendered":"https:\/\/podernacional.com\/?p=16316"},"modified":"2023-06-02T22:33:11","modified_gmt":"2023-06-02T22:33:11","slug":"coordinacion-e-integracion-necesidades-para-defensa-del-ambiente-profepa","status":"publish","type":"post","link":"https:\/\/podernacional.com\/?p=16316","title":{"rendered":"Coordinaci\u00f3n e integraci\u00f3n, necesidades para defensa del ambiente: Profepa"},"content":{"rendered":"<h4>Enrique Casta\u00f1eda particip\u00f3 en foro celebrado en la Universidad del Caribe de Canc\u00fan<\/h4>\n<p>La interacci\u00f3n y coordinaci\u00f3n entre los tres \u00f3rdenes de gobierno y, a su vez, la participaci\u00f3n activa de la ciudadan\u00eda.<\/p>\n<p>El cual son fundamentales para entrar de lleno en la responsabilidad ambiental, opin\u00f3 Enrique Casta\u00f1eda S\u00e1nchez.<\/p>\n<p>As\u00ed como del\u00a0subprocurador de auditor\u00eda ambiental en la Procuraduria Federal de Proteccion al Ambiente (Profepa).<\/p>\n<p>Tras su intervenci\u00f3n en el primer Foro de Justicia Ambiental organizado por la Procuradur\u00eda de Protecci\u00f3n al Ambiente.<\/p>\n<p>Adem\u00e1s de que est\u00e1 celebrado en la Universidad del Caribe de Canc\u00fan, declar\u00f3 que estos foros son importantes porque la responsabilidad ambiental.<\/p>\n<p>El cual\u00a0es amplia y necesita una integraci\u00f3n para implementar estrategias correctas para lograrla.<\/p>\n<p>\u00abLo que nos hace falta y lo mencionaba durante mi participaci\u00f3n: normalmente dejarle a la autoridad toda la carga\u201d.<\/p>\n<h4>Adem\u00e1s de todas las responsabilidades del cuidado del medio ambiente.<\/h4>\n<p>Adem\u00e1s de que\u00a0no tendr\u00edamos la cantidad suficiente de inspectores que estuvieran descuidando.<\/p>\n<p>As\u00ed como que\u00a0tendr\u00eda que ser la mitad de la poblaci\u00f3n de inspectores y la otra mitad a los que estar\u00edamos cuidando.<\/p>\n<p>Adem\u00e1s de que\u00a0sobre todo en estados megadiversos como el estado de Quintana Roo\u00bb, opin\u00f3.<\/p>\n<p>Por ello, se\u00f1al\u00f3 que la apuesta ahora es a la suma de acciones por parte de las autoridades encargadas de protecci\u00f3n de ambiente.<\/p>\n<p>As\u00ed como\u00a0con las empresas y la sociedad en general, puesto que deber\u00eda establecerse una autorregulaci\u00f3n.<\/p>\n<p>El cual en\u00a0esa parte voluntaria de las empresas que quieran tener un sello de cumplimiento de la ley, sin necesidad de que la est\u00e9n supervisando.<\/p>\n<p>En ese sentido se ha estado trabajando y, desde noviembre del a\u00f1o pasado, se lanz\u00f3 un programa nuevo para las peque\u00f1as.<\/p>\n<p>Adem\u00e1s de medianas empresas que no ten\u00edan los recursos econ\u00f3micos suficientes para pagar un auditor ambiental.<\/p>\n<p>As\u00ed como de\u00a0someterse a un proceso de revisi\u00f3n voluntaria.<\/p>\n<p>Y, por otro lado, estim\u00f3 que faltar\u00eda mayor difusi\u00f3n y mayor acercamiento con la ciudadan\u00eda, para concientizarla.<\/p>\n<p>Adem\u00e1s de que\u00a0no solamente decir &#8216;yo voy a cuidar el medio ambiente&#8217;.<\/p>\n<h4>Al igual que sino reflejar las acciones concretas de parte de todos los que est\u00e1n habitando el entorno, un entorno ecol\u00f3gico.<\/h4>\n<p>Actualmente, confi\u00f3, se tiene una normatividad robusta, as\u00ed como el reconocimiento en el derecho a un medio ambiente sano.<\/p>\n<p>Esto\u00a0por lo que el reto es hacerlo realidad, garantizando la protecci\u00f3n de los ecosistemas.<\/p>\n<p>El cual est\u00e1 evitando el deterioro y solamente puede lograrse sin el abuso de todas las partes de la sociedad.<\/p>\n<p>\u00abAcciones de coordinaci\u00f3n y definir un programa espec\u00edfico de actividades en donde puedan participar autoridades estatales\u201d.<\/p>\n<p>\u201cAdem\u00e1s de las\u00a0federales y los municipios, en el entorno ecol\u00f3gico y pol\u00edtico es lo que nos est\u00e1 haciendo falta&#8230;<\/p>\n<p>Tenemos los instrumentos, la intenci\u00f3n, tenemos los programas, nada m\u00e1s falta fortalecer el esquema de coordinaci\u00f3n.<\/p>\n<p>Esto\u00a0entre las diferentes instancias de protecci\u00f3n al medio ambiente\u00bb, enfatiz\u00f3.<\/p>\n<p>En otro tema, sobre la desaparici\u00f3n de las oficinas de Profepa en el destino, record\u00f3 que por cuesti\u00f3n presupuestaria.<\/p>\n<p>Adem\u00e1s de que\u00a0se suprimieron varias \u00e1reas de varias dependencia.<\/p>\n<p>Al igual de que\u00a0en Profepa fueron todas sus delegaciones de auditor\u00eda ambiental.<\/p>\n","protected":false},"excerpt":{"rendered":"<p>Enrique Casta\u00f1eda particip\u00f3 en foro celebrado en la Universidad del Caribe de Canc\u00fan La interacci\u00f3n y coordinaci\u00f3n entre los tres \u00f3rdenes de gobierno y, a su vez, la participaci\u00f3n activa de la ciudadan\u00eda. El cual son fundamentales para entrar de lleno en la responsabilidad ambiental, opin\u00f3 Enrique Casta\u00f1eda S\u00e1nchez. As\u00ed como del\u00a0subprocurador de auditor\u00eda ambiental [&hellip;]<\/p>\n","protected":false},"author":1,"featured_media":16318,"comment_status":"open","ping_status":"closed","sticky":false,"template":"","format":"standard","meta":{"footnotes":""},"categories":[10],"tags":[],"class_list":["post-16316","post","type-post","status-publish","format-standard","has-post-thumbnail","hentry","category-quintana-roo"],"_links":{"self":[{"href":"https:\/\/podernacional.com\/index.php?rest_route=\/wp\/v2\/posts\/16316","targetHints":{"allow":["GET"]}}],"collection":[{"href":"https:\/\/podernacional.com\/index.php?rest_route=\/wp\/v2\/posts"}],"about":[{"href":"https:\/\/podernacional.com\/index.php?rest_route=\/wp\/v2\/types\/post"}],"author":[{"embeddable":true,"href":"https:\/\/podernacional.com\/index.php?rest_route=\/wp\/v2\/users\/1"}],"replies":[{"embeddable":true,"href":"https:\/\/podernacional.com\/index.php?rest_route=%2Fwp%2Fv2%2Fcomments&post=16316"}],"version-history":[{"count":1,"href":"https:\/\/podernacional.com\/index.php?rest_route=\/wp\/v2\/posts\/16316\/revisions"}],"predecessor-version":[{"id":16317,"href":"https:\/\/podernacional.com\/index.php?rest_route=\/wp\/v2\/posts\/16316\/revisions\/16317"}],"wp:featuredmedia":[{"embeddable":true,"href":"https:\/\/podernacional.com\/index.php?rest_route=\/wp\/v2\/media\/16318"}],"wp:attachment":[{"href":"https:\/\/podernacional.com\/index.php?rest_route=%2Fwp%2Fv2%2Fmedia&parent=16316"}],"wp:term":[{"taxonomy":"category","embeddable":true,"href":"https:\/\/podernacional.com\/index.php?rest_route=%2Fwp%2Fv2%2Fcategories&post=16316"},{"taxonomy":"post_tag","embeddable":true,"href":"https:\/\/podernacional.com\/index.php?rest_route=%2Fwp%2Fv2%2Ftags&post=16316"}],"curies":[{"name":"wp","href":"https:\/\/api.w.org\/{rel}","templated":true}]}}