{"id":16370,"date":"2023-06-05T18:11:02","date_gmt":"2023-06-05T23:11:02","guid":{"rendered":"https:\/\/podernacional.com\/?p=16370"},"modified":"2023-06-05T23:11:03","modified_gmt":"2023-06-05T23:11:03","slug":"quintana-roo-ha-logrado-103-medallas-en-los-nacionales-conade-2023","status":"publish","type":"post","link":"https:\/\/podernacional.com\/?p=16370","title":{"rendered":"Quintana Roo ha logrado 103 medallas en los Nacionales Conade 2023"},"content":{"rendered":"<h4>La primera presea dorada lleg\u00f3 en la prueba de Relevos 4&#215;100<\/h4>\n<p>La selecci\u00f3n de nataci\u00f3n de Quintana Roo tuvo un cierre bastante productivo al obtener 10 medallas en lo que fue la clausura de actividades.<\/p>\n<p>Adem\u00e1s\u00a0de esta disciplina dentro de los Nacionales Conade 2023, celebrado en el Centro Acu\u00e1tico del Complejo Panamericano Metropolitano.<\/p>\n<p>El cual es\u00a0de Guadalajara, Jalisco; con esto el estado lleg\u00f3 a las 103 preseas en el medallero general.<\/p>\n<p>\u201cMuchas felicidades al equipo quintanarroense de nataci\u00f3n, con este aporte de medallas la entidad ya super\u00f3 las primeras 100 medallas\u201d.<\/p>\n<p>\u201cEsto\u00a0en las primeras dos semanas de competencia, agradezco la entrega y coraje que plasmaron las y los deportistas en cada una de sus pruebas\u201d.<\/p>\n<p>\u201cAdem\u00e1s de que\u00a0conf\u00edo que seguiremos sumando metales en las pr\u00f3ximas disciplinas\u201d.<\/p>\n<p>Esto lo coment\u00f3 Eric Arcila Arjona, presidente de la Comisi\u00f3n para la Juventud y el Deporte de Quintana Roo (Cojudeq).<\/p>\n<p>Con esta cosecha de metales, la delegaci\u00f3n de nataci\u00f3n cerr\u00f3 su participaci\u00f3n en la justa nacional sumando un total de 31 preseas:<\/p>\n<h4>10 de oro, 14 de plata y 7 de bronce; mientras que el medallero general ya suman 27 metales dorados, 38 platas y 38 bronces.<\/h4>\n<p>La primera presea dorada lleg\u00f3 en la prueba de Relevos 4&#215;100 estilo combinado en la categor\u00eda 13-14 a\u00f1os.<\/p>\n<p>Lugar en donde brillaron las quintanarroenses Carlota Mart\u00ednez Flores, Blanca Patricia V\u00e1zquez Ram\u00edrez.<\/p>\n<p>Adem\u00e1s de que Adriana Margarita L\u00f3pez Damas y Viviana Duarte Sulbar\u00e1n.<\/p>\n<p>Por otro lado, Quintana Roo hizo el 1-2 en la prueba de los 100 metros Dorso, con Blanca Patricia V\u00e1zquez Ram\u00edrez.<\/p>\n<p>La cual fue\u00a0quien se qued\u00f3 con el oro marcando un tiempo de 1:06.46 minutos; y el segundo puesto y la medalla de plata.<\/p>\n<p>Adem\u00e1s de que fue para la tambi\u00e9n quintanarroense Carlota Mart\u00ednez Flores cronometrando 1:06.93.<\/p>\n<p>Otra presea dorada lo obtuvo el quintanarroense Jack Oliver Lund Centelles, quien se \u201cti\u00f1\u00f3\u201d de oro en la prueba de los 100 metros Dorso.<\/p>\n<p>Al igual de que est\u00e1 marcando un tiempo de 58.53 segundos, en la categor\u00eda 15-16 a\u00f1os.<\/p>\n<h4>En tanto, el chetumale\u00f1o Daniel Jes\u00fas Aguilar Mej\u00eda se adjudic\u00f3 la medalla de oro.<\/h4>\n<p>Esto\u00a0en la categor\u00eda 15-16 a\u00f1os dentro de la carrera de los 200 metros Mariposa, dejando una marca de 2:07.26 minutos.<\/p>\n<p>El tambi\u00e9n chetumale\u00f1o Rodrigo P\u00e9rez Galera se alz\u00f3 como campe\u00f3n nacional.<\/p>\n<p>Esto en la categor\u00eda 17-18 a\u00f1os dentro de los 200 metros Mariposa, dejando una marca de 2:05.57 minutos.<\/p>\n<p>En relaci\u00f3n a las medallas de plata, Naiara Sobreviela Jim\u00e9nez logr\u00f3 el segundo puesto en los 200 metros Mariposa de los 17-18 a\u00f1os.<\/p>\n<p>Adem\u00e1s de\u00a0otro que se pint\u00f3 de plateado fue Oliver Spencer Lund Centelles en los 100 metros Dorso de los 13-14 a\u00f1os.<\/p>\n<p>El equipo conformado por Yanni Israel Blanco Custodio, Luis Rodrigo Arciga Res\u00e9ndiz, Dylan Alexander Kantun C\u00e1mara y Oliver Spencer Lund Centelles.<\/p>\n<p>El cual se qued\u00f3 con la plata en la prueba de Relevos 4&#215;100 de la categor\u00eda 13-14 a\u00f1os de edad.<\/p>\n<p>Finalmente, la \u00faltima medalla de bronce en esta disciplina para Quintana Roo fue por conducto del conjunto de Carlota Mart\u00ednez.<\/p>\n<p>As\u00ed como de\u00a0Valentina Ramos, Viviana Duarte y Blanca Patricia V\u00e1zquez en los 4&#215;100 metros de la categor\u00eda 13-14 a\u00f1os.<\/p>\n","protected":false},"excerpt":{"rendered":"<p>La primera presea dorada lleg\u00f3 en la prueba de Relevos 4&#215;100 La selecci\u00f3n de nataci\u00f3n de Quintana Roo tuvo un cierre bastante productivo al obtener 10 medallas en lo que fue la clausura de actividades. Adem\u00e1s\u00a0de esta disciplina dentro de los Nacionales Conade 2023, celebrado en el Centro Acu\u00e1tico del Complejo Panamericano Metropolitano. El cual [&hellip;]<\/p>\n","protected":false},"author":1,"featured_media":16372,"comment_status":"open","ping_status":"closed","sticky":false,"template":"","format":"standard","meta":{"footnotes":""},"categories":[10],"tags":[],"class_list":["post-16370","post","type-post","status-publish","format-standard","has-post-thumbnail","hentry","category-quintana-roo"],"_links":{"self":[{"href":"https:\/\/podernacional.com\/index.php?rest_route=\/wp\/v2\/posts\/16370","targetHints":{"allow":["GET"]}}],"collection":[{"href":"https:\/\/podernacional.com\/index.php?rest_route=\/wp\/v2\/posts"}],"about":[{"href":"https:\/\/podernacional.com\/index.php?rest_route=\/wp\/v2\/types\/post"}],"author":[{"embeddable":true,"href":"https:\/\/podernacional.com\/index.php?rest_route=\/wp\/v2\/users\/1"}],"replies":[{"embeddable":true,"href":"https:\/\/podernacional.com\/index.php?rest_route=%2Fwp%2Fv2%2Fcomments&post=16370"}],"version-history":[{"count":1,"href":"https:\/\/podernacional.com\/index.php?rest_route=\/wp\/v2\/posts\/16370\/revisions"}],"predecessor-version":[{"id":16371,"href":"https:\/\/podernacional.com\/index.php?rest_route=\/wp\/v2\/posts\/16370\/revisions\/16371"}],"wp:featuredmedia":[{"embeddable":true,"href":"https:\/\/podernacional.com\/index.php?rest_route=\/wp\/v2\/media\/16372"}],"wp:attachment":[{"href":"https:\/\/podernacional.com\/index.php?rest_route=%2Fwp%2Fv2%2Fmedia&parent=16370"}],"wp:term":[{"taxonomy":"category","embeddable":true,"href":"https:\/\/podernacional.com\/index.php?rest_route=%2Fwp%2Fv2%2Fcategories&post=16370"},{"taxonomy":"post_tag","embeddable":true,"href":"https:\/\/podernacional.com\/index.php?rest_route=%2Fwp%2Fv2%2Ftags&post=16370"}],"curies":[{"name":"wp","href":"https:\/\/api.w.org\/{rel}","templated":true}]}}