{"id":16376,"date":"2023-06-05T18:17:12","date_gmt":"2023-06-05T23:17:12","guid":{"rendered":"https:\/\/podernacional.com\/?p=16376"},"modified":"2023-06-05T23:17:13","modified_gmt":"2023-06-05T23:17:13","slug":"acuerdo-con-la-onu-en-busca-de-la-reduccion-de-plasticos-en-quintana-roo","status":"publish","type":"post","link":"https:\/\/podernacional.com\/?p=16376","title":{"rendered":"Acuerdo con la ONU en busca de la reducci\u00f3n de pl\u00e1sticos en Quintana Roo"},"content":{"rendered":"<h4>La gobernadora Mara Lezama Espinosa y el Coordinador Residente del Sistema de Naciones Unidas en M\u00e9xico.<\/h4>\n<p>Por ende\u00a0Peter Grohmann, se reunieron para analizar la agenda de prioridades de Quintana Roo y como resultado del encuentro.<\/p>\n<p>El cual se\u00a0identificaron \u00e1reas de oportunidad para la colaboraci\u00f3n de la ONU y reforzar la Agenda 2030.<\/p>\n<p>La mandataria aprovech\u00f3 la reuni\u00f3n para explicar el objetivo y alcances del Nuevo Acuerdo por el Bienestar y Desarrollo de Quintana Roo.<\/p>\n<p>As\u00ed mismo\u00a0en el que suma esfuerzos de todos los sectores econ\u00f3micos y sociales para la transformaci\u00f3n de la entidad con prosperidad compartida.<\/p>\n<p>Asimismo, hablaron de proyectos y programas en los que trabaja la ONU en M\u00e9xico, en retos como la pobreza, la desigualdad.<\/p>\n<p>Adem\u00e1s del clima, la degradaci\u00f3n ambiental, la prosperidad, la paz y la justicia.<\/p>\n<p>En un comunicado, se dio a conocer que Mara Lezama y Grohmann se\u00f1alaron que este es el inicio de una cooperaci\u00f3n permanente.<\/p>\n<p>Esto en el \u00e1mbito\u00a0de trabajo ambiental para el estado, en el que se trabaja en la reducci\u00f3n del uso del pl\u00e1stico.<\/p>\n<p>Adem\u00e1s de\u00a0que tanto impacta en la degradaci\u00f3n del medio ambiente.<\/p>\n","protected":false},"excerpt":{"rendered":"<p>La gobernadora Mara Lezama Espinosa y el Coordinador Residente del Sistema de Naciones Unidas en M\u00e9xico. Por ende\u00a0Peter Grohmann, se reunieron para analizar la agenda de prioridades de Quintana Roo y como resultado del encuentro. El cual se\u00a0identificaron \u00e1reas de oportunidad para la colaboraci\u00f3n de la ONU y reforzar la Agenda 2030. La mandataria aprovech\u00f3 [&hellip;]<\/p>\n","protected":false},"author":1,"featured_media":16378,"comment_status":"open","ping_status":"closed","sticky":false,"template":"","format":"standard","meta":{"footnotes":""},"categories":[10],"tags":[],"class_list":["post-16376","post","type-post","status-publish","format-standard","has-post-thumbnail","hentry","category-quintana-roo"],"_links":{"self":[{"href":"https:\/\/podernacional.com\/index.php?rest_route=\/wp\/v2\/posts\/16376","targetHints":{"allow":["GET"]}}],"collection":[{"href":"https:\/\/podernacional.com\/index.php?rest_route=\/wp\/v2\/posts"}],"about":[{"href":"https:\/\/podernacional.com\/index.php?rest_route=\/wp\/v2\/types\/post"}],"author":[{"embeddable":true,"href":"https:\/\/podernacional.com\/index.php?rest_route=\/wp\/v2\/users\/1"}],"replies":[{"embeddable":true,"href":"https:\/\/podernacional.com\/index.php?rest_route=%2Fwp%2Fv2%2Fcomments&post=16376"}],"version-history":[{"count":1,"href":"https:\/\/podernacional.com\/index.php?rest_route=\/wp\/v2\/posts\/16376\/revisions"}],"predecessor-version":[{"id":16377,"href":"https:\/\/podernacional.com\/index.php?rest_route=\/wp\/v2\/posts\/16376\/revisions\/16377"}],"wp:featuredmedia":[{"embeddable":true,"href":"https:\/\/podernacional.com\/index.php?rest_route=\/wp\/v2\/media\/16378"}],"wp:attachment":[{"href":"https:\/\/podernacional.com\/index.php?rest_route=%2Fwp%2Fv2%2Fmedia&parent=16376"}],"wp:term":[{"taxonomy":"category","embeddable":true,"href":"https:\/\/podernacional.com\/index.php?rest_route=%2Fwp%2Fv2%2Fcategories&post=16376"},{"taxonomy":"post_tag","embeddable":true,"href":"https:\/\/podernacional.com\/index.php?rest_route=%2Fwp%2Fv2%2Ftags&post=16376"}],"curies":[{"name":"wp","href":"https:\/\/api.w.org\/{rel}","templated":true}]}}