{"id":16409,"date":"2023-06-06T19:14:41","date_gmt":"2023-06-07T00:14:41","guid":{"rendered":"https:\/\/podernacional.com\/?p=16409"},"modified":"2023-06-07T00:14:44","modified_gmt":"2023-06-07T00:14:44","slug":"afila-el-diente-lanzate-al-festival-de-la-larga-y-la-quesadilla-para-probar-antojitos-mexicanos","status":"publish","type":"post","link":"https:\/\/podernacional.com\/?p=16409","title":{"rendered":"\u00a1Afila el diente! L\u00e1nzate al Festival de la Larga y la Quesadilla para probar antojitos mexicanos"},"content":{"rendered":"<h4>\u00bfListo para los antojitos? El Festival de la Larga y la Quesadilla presentar\u00e1 diferentes platillos de la gastronom\u00eda mexicana.<\/h4>\n<p>El Festival de la Larga y la Quesadilla tendr\u00e1 varias actividades gastron\u00f3micas y culturales.<\/p>\n<p>Autoridades estatales y municipales, presentaron la quinta edici\u00f3n del Festival de la Larga y la Quesadilla.<\/p>\n<p>Adem\u00e1s de que se realizar\u00e1 el 10 y 11 de junio en el Pueblo M\u00e1gico de Salvatierra, Guanajuato.<\/p>\n<p>Esta quinta edici\u00f3n tendr\u00e1 de invitado al estado de Quer\u00e9taro y al municipio de Celaya con venta de productos artesanales y gastronom\u00eda tradicional.<\/p>\n<p>Francisco Javier Valverde Poli, director de Desarrollo Tur\u00edstico; Germ\u00e1n Cervantes Vega, presidente municipal de Salvatierra.<\/p>\n<p>As\u00ed como de\u00a0Heriberto Mendoza Cabrera, organizador del evento, dieron los pormenores de este evento.<\/p>\n<p>El cual\u00a0posiciona la oferta tur\u00edstica y gastron\u00f3mica del Pueblo M\u00e1gico de Salvatierra.<\/p>\n<h4>\u00bfQu\u00e9 habr\u00e1 en el Festival de la Larga y la Quesadilla?<\/h4>\n<p>De acuerdo con el programa, estas son las actividades que se realizar\u00e1n cada uno de los d\u00edas del evento:<\/p>\n<p>El s\u00e1bado 10 de junio, de 13:00 a 20:00 horas<\/p>\n<p>Se realizar\u00e1n los talleres gratuitos, con cupo limitado, de Mixolog\u00eda con ingredientes end\u00e9micos y destilados\u2019 en el Restaurante Santero.<\/p>\n<p>As\u00ed como del\u00a0\u2018Presti\u00f1os postre hacendal\u2019, en el Restaurante La Bella \u00c9poca.<\/p>\n<p>Ambos eventos engalanar\u00e1n el recorrido \u2018Luces de Salvatierra\u2019 en el que se reviven las tradiciones y leyendas de este Pueblo M\u00e1gico.<\/p>\n<p>Este evento tiene un precio de 120 pesos por persona.<\/p>\n<p>El domingo 11 de junio, de 11:00 a 18:00 horas<\/p>\n<p>En el Jard\u00edn Principal de Salvatierra, se har\u00e1 la \u2018gran fiesta de la Larga y la Quesadilla\u2019 con la presencia de 25 cocineras tradicionales y 3 parrilleros.<\/p>\n<p>Adem\u00e1s de\u00a0quienes preparar\u00e1n largas tradicionales con guisados t\u00edpicos y de cortes de carne.<\/p>\n<h4>En este, tambi\u00e9n se presentar\u00e1n 25 artesanos con una diversidad de productos.<\/h4>\n<p>Adem\u00e1s, habr\u00e1 talleres -gratuitos y con costo de recuperaci\u00f3n- de rollo de guayaba.<\/p>\n<p>As\u00ed como de la\u00a0elaboraci\u00f3n de mu\u00f1ecas artesanales de trapo y elaboraci\u00f3n de mazap\u00e1n, en las arcadas de Presidencia Municipal.<\/p>\n<p>Los asistentes podr\u00e1n divertirse en los juegos mec\u00e1nicos gratuitos que estar\u00e1n en servicio de 3:00 a 6:00 de la tarde.<\/p>\n<p>Adem\u00e1s de que estar\u00e1n ubicados en la calle 16 de septiembre.<\/p>\n<p>Para amenizar el festival, se prepar\u00f3 un variado programa art\u00edstico para toda la familia, quienes podr\u00e1n disfrutar del Show de:<\/p>\n<p>Muppets Gogo Teens, Tablao Flamenco De capote y buleria, Ballet Folklorico Huitzil, Banda Salvaterrense, y el Show Loter\u00eda M\u00e1gica Salvaterrense.<\/p>\n<p>As\u00ed como con la intervenci\u00f3n de grupos destacados de Bastoneras, Escaramuzas, Ballet Folkl\u00f3rico, Banda de viento, solistas y mimos.<\/p>\n<p>Adem\u00e1s, el festival sorprender\u00e1 con la instalaci\u00f3n de las mu\u00f1ecas monumentales Lele y Alicia del estado y municipio invitado.<\/p>\n<p>El cual\u00a0respectivamente, y los asistentes podr\u00e1n realizar tomas fotogr\u00e1ficas para el recuerdo de esta bella experiencia.<\/p>\n<p>\u00bfEn d\u00f3nde es el Festival de la Larga y la Quesadilla?<\/p>\n<p>La celebraci\u00f3n gastron\u00f3mica ser\u00e1 de libre acceso y se llevar\u00e1 a cabo en el jard\u00edn principal de Salvatierra, Guanajuato.<\/p>\n<p>\u00bfD\u00f3nde? Calle Francisco I. Madero 413, Zona Centro, 38900 Salvatierra, Guanajuato.<\/p>\n","protected":false},"excerpt":{"rendered":"<p>\u00bfListo para los antojitos? El Festival de la Larga y la Quesadilla presentar\u00e1 diferentes platillos de la gastronom\u00eda mexicana. El Festival de la Larga y la Quesadilla tendr\u00e1 varias actividades gastron\u00f3micas y culturales. Autoridades estatales y municipales, presentaron la quinta edici\u00f3n del Festival de la Larga y la Quesadilla. Adem\u00e1s de que se realizar\u00e1 el [&hellip;]<\/p>\n","protected":false},"author":1,"featured_media":16411,"comment_status":"open","ping_status":"closed","sticky":false,"template":"","format":"standard","meta":{"footnotes":""},"categories":[2],"tags":[],"class_list":["post-16409","post","type-post","status-publish","format-standard","has-post-thumbnail","hentry","category-cultural"],"_links":{"self":[{"href":"https:\/\/podernacional.com\/index.php?rest_route=\/wp\/v2\/posts\/16409","targetHints":{"allow":["GET"]}}],"collection":[{"href":"https:\/\/podernacional.com\/index.php?rest_route=\/wp\/v2\/posts"}],"about":[{"href":"https:\/\/podernacional.com\/index.php?rest_route=\/wp\/v2\/types\/post"}],"author":[{"embeddable":true,"href":"https:\/\/podernacional.com\/index.php?rest_route=\/wp\/v2\/users\/1"}],"replies":[{"embeddable":true,"href":"https:\/\/podernacional.com\/index.php?rest_route=%2Fwp%2Fv2%2Fcomments&post=16409"}],"version-history":[{"count":1,"href":"https:\/\/podernacional.com\/index.php?rest_route=\/wp\/v2\/posts\/16409\/revisions"}],"predecessor-version":[{"id":16410,"href":"https:\/\/podernacional.com\/index.php?rest_route=\/wp\/v2\/posts\/16409\/revisions\/16410"}],"wp:featuredmedia":[{"embeddable":true,"href":"https:\/\/podernacional.com\/index.php?rest_route=\/wp\/v2\/media\/16411"}],"wp:attachment":[{"href":"https:\/\/podernacional.com\/index.php?rest_route=%2Fwp%2Fv2%2Fmedia&parent=16409"}],"wp:term":[{"taxonomy":"category","embeddable":true,"href":"https:\/\/podernacional.com\/index.php?rest_route=%2Fwp%2Fv2%2Fcategories&post=16409"},{"taxonomy":"post_tag","embeddable":true,"href":"https:\/\/podernacional.com\/index.php?rest_route=%2Fwp%2Fv2%2Ftags&post=16409"}],"curies":[{"name":"wp","href":"https:\/\/api.w.org\/{rel}","templated":true}]}}