{"id":16418,"date":"2023-06-06T19:40:51","date_gmt":"2023-06-07T00:40:51","guid":{"rendered":"https:\/\/podernacional.com\/?p=16418"},"modified":"2023-06-07T00:40:53","modified_gmt":"2023-06-07T00:40:53","slug":"quintana-roo-con-cuantas-zonas-arqueologicas-cuenta-el-estado","status":"publish","type":"post","link":"https:\/\/podernacional.com\/?p=16418","title":{"rendered":"Quintana Roo: \u00bfCon cu\u00e1ntas zonas arqueol\u00f3gicas cuenta el estado?"},"content":{"rendered":"<h4>Estas son algunas zonas consideradas como capitales ind\u00edgenas m\u00e1s sorprendentes de la cultura maya.<\/h4>\n<p>Dentro de la gran cantidad de zonas arqueol\u00f3gicas de Quintana Roo.<\/p>\n<p>Adem\u00e1s de que estas son algunas de las consideradas como las capitales ind\u00edgenas m\u00e1s sorprendentes de la cultura maya de dicho estado.<\/p>\n<p>Aqu\u00ed te compartimos un listado con 5 zonas arqueol\u00f3gicas de\u00a0Quintana Roo que tienes que conocer durante tu pr\u00f3xima visita a este bello estado.<\/p>\n<ol>\n<li>\n<h4>Cob\u00e1<\/h4>\n<\/li>\n<\/ol>\n<p>Esta antigua capital maya surgi\u00f3 alrededor del a\u00f1o 100 o 200 a. C. y estuvo ocupada por m\u00e1s de mil a\u00f1os.<\/p>\n<p>As\u00ed como de\u00a0su m\u00e1ximo esplendor lo alcanz\u00f3 en el a\u00f1o 800 d.C. Fue el asentamiento m\u00e1s importante del noreste de la pen\u00ednsula de Yucat\u00e1n.<\/p>\n<p>Es\u00a0por eso es comparado con Chich\u00e9n Itz\u00e1, adem\u00e1s de que su extensi\u00f3n es de 70 km cuadrados.<\/p>\n<p>Aqu\u00ed destacan varios grupos arquitect\u00f3nicos: El Grupo Cob\u00e1, donde est\u00e1 La Iglesia, un templo de 25 m de altura, edificios palaciegos y residenciales.<\/p>\n<p>As\u00ed como un juego de pelota con representaciones de cautivos y un basamento ornamentado con cr\u00e1neos e inscripciones jerogl\u00edficas.<\/p>\n<p>C\u00f3mo llegar<\/p>\n<p>Son 42 km rumbo al noroeste desde Tulum, por la carretera a Valladolid (Yucat\u00e1n).<\/p>\n<ol start=\"2\">\n<li>\n<h4>Tulum<\/h4>\n<\/li>\n<\/ol>\n<p>Tulum fue la ciudad maya m\u00e1s importante de la costa oriental de la pen\u00ednsula de Yucat\u00e1n.<\/p>\n<p>Floreci\u00f3 durante el periodo Poscl\u00e1sico Tard\u00edo, entre el 1200 y 1550 d.C. La parte visible est\u00e1 delimitada.<\/p>\n<p>Se menciona\u00a0por una muralla en sus lados norte, sur y oeste, pues el este da al Mar Caribe.<\/p>\n<p>Adem\u00e1s de que se ten\u00eda cuatro accesos y dos torres de observaci\u00f3n.<\/p>\n<p>En el \u00e1rea central, ubicada dentro de otra muralla, se hallan los principales edificios ceremoniales de la ciudad.<\/p>\n<p>El Castillo sobresale por su tama\u00f1o y por la fachada de su templo superior; tiene tres accesos con columnas serpentinas.<\/p>\n<p>As\u00ed como de\u00a0una deidad descendente y dos mascarones zoomorfos en las esquinas.<\/p>\n<p>Al norte est\u00e1 el Templo del Dios Descendente, compuesto por un peque\u00f1o basamento sobre el que hay un edificio ornamentado.<\/p>\n<p>Esto\u00a0con la deidad que le da nombre. Justo enfrente est\u00e1 una calzada sobre la cual se ubicaron edificios residenciales.<\/p>\n<p>C\u00f3mo llegar<\/p>\n<p>Tulum se encuentra a 129 y 61 km al sur de Canc\u00fan y Playa del Carmen respectivamente.<\/p>\n<p>Adem\u00e1s de\u00a0por la carretera federal n\u00fam. 370, m\u00e1s otros 4 km al norte por camino costero.<\/p>\n<ol start=\"3\">\n<li>\n<h4>Kohunlich<\/h4>\n<\/li>\n<\/ol>\n<p>Rodeada de vegetaci\u00f3n selv\u00e1tica cuyo predominio evidente es la palma o cohunes, como es conocida localmente.<\/p>\n<p>As\u00ed como de\u00a0esta ciudad maya tuvo su \u00e9poca de florecimiento entre el a\u00f1o 600 y 900 d.C.<\/p>\n<p>Al igual que aunque sus or\u00edgenes se remontan al a\u00f1o 200 d.C.<\/p>\n<p>Destaca por su elaborado sistema de captaci\u00f3n de agua en todas sus calzadas y edificios.<\/p>\n<p>Su construcci\u00f3n m\u00e1s importante es el Templo de los Mascarones, uno de los m\u00e1s emblem\u00e1ticos de Quintana Roo.<\/p>\n<p>Se cree que los mascarones de casi dos metros de altura representaban al dios solar Kinich Ahau.<\/p>\n<p>En la Plaza de las Estelas se pueden visitar el Palacio de las Estelas, la Grader\u00eda y El Rey.<\/p>\n<p>C\u00f3mo llegar<\/p>\n<p>Desde Chetumal toma la carretera federal n\u00fam. 186 a Esc\u00e1rcega (Campeche).<\/p>\n<p>A 57 km hallar\u00e1s, al sur (izquierda), el inicio del ramal de 8 km que te lleva al lugar.<\/p>\n<p>&nbsp;<\/p>\n","protected":false},"excerpt":{"rendered":"<p>Estas son algunas zonas consideradas como capitales ind\u00edgenas m\u00e1s sorprendentes de la cultura maya. Dentro de la gran cantidad de zonas arqueol\u00f3gicas de Quintana Roo. Adem\u00e1s de que estas son algunas de las consideradas como las capitales ind\u00edgenas m\u00e1s sorprendentes de la cultura maya de dicho estado. Aqu\u00ed te compartimos un listado con 5 zonas [&hellip;]<\/p>\n","protected":false},"author":1,"featured_media":16420,"comment_status":"open","ping_status":"closed","sticky":false,"template":"","format":"standard","meta":{"footnotes":""},"categories":[10],"tags":[],"class_list":["post-16418","post","type-post","status-publish","format-standard","has-post-thumbnail","hentry","category-quintana-roo"],"_links":{"self":[{"href":"https:\/\/podernacional.com\/index.php?rest_route=\/wp\/v2\/posts\/16418","targetHints":{"allow":["GET"]}}],"collection":[{"href":"https:\/\/podernacional.com\/index.php?rest_route=\/wp\/v2\/posts"}],"about":[{"href":"https:\/\/podernacional.com\/index.php?rest_route=\/wp\/v2\/types\/post"}],"author":[{"embeddable":true,"href":"https:\/\/podernacional.com\/index.php?rest_route=\/wp\/v2\/users\/1"}],"replies":[{"embeddable":true,"href":"https:\/\/podernacional.com\/index.php?rest_route=%2Fwp%2Fv2%2Fcomments&post=16418"}],"version-history":[{"count":1,"href":"https:\/\/podernacional.com\/index.php?rest_route=\/wp\/v2\/posts\/16418\/revisions"}],"predecessor-version":[{"id":16419,"href":"https:\/\/podernacional.com\/index.php?rest_route=\/wp\/v2\/posts\/16418\/revisions\/16419"}],"wp:featuredmedia":[{"embeddable":true,"href":"https:\/\/podernacional.com\/index.php?rest_route=\/wp\/v2\/media\/16420"}],"wp:attachment":[{"href":"https:\/\/podernacional.com\/index.php?rest_route=%2Fwp%2Fv2%2Fmedia&parent=16418"}],"wp:term":[{"taxonomy":"category","embeddable":true,"href":"https:\/\/podernacional.com\/index.php?rest_route=%2Fwp%2Fv2%2Fcategories&post=16418"},{"taxonomy":"post_tag","embeddable":true,"href":"https:\/\/podernacional.com\/index.php?rest_route=%2Fwp%2Fv2%2Ftags&post=16418"}],"curies":[{"name":"wp","href":"https:\/\/api.w.org\/{rel}","templated":true}]}}