{"id":16421,"date":"2023-06-06T19:55:31","date_gmt":"2023-06-07T00:55:31","guid":{"rendered":"https:\/\/podernacional.com\/?p=16421"},"modified":"2023-06-07T00:55:33","modified_gmt":"2023-06-07T00:55:33","slug":"63-de-mujeres-en-penales-de-quintana-roo-en-espera-de-sentencia","status":"publish","type":"post","link":"https:\/\/podernacional.com\/?p=16421","title":{"rendered":"63% de mujeres en penales de Quintana Roo, en espera de sentencia"},"content":{"rendered":"<h4>M\u00e1s del 63% de mujeres en situaci\u00f3n de reclusi\u00f3n en Quintana Roo se encuentran en espera de su sentencia.<\/h4>\n<p>De acuerdo con informaci\u00f3n de la Secretar\u00eda de Seguridad y Protecci\u00f3n Ciudadana (SSPC) del Gobierno de M\u00e9xico.<\/p>\n<p>As\u00ed como de\u00a0m\u00e1s del 63% de mujeres en situaci\u00f3n de reclusi\u00f3n en los centros penitenciarios de QuintanaRoo se encuentran en espera de su sentencia.<\/p>\n<p>Estas cifras provienen del Cuaderno Mensual de Informaci\u00f3n Estad\u00edsticas Penitenciaria Nacionales, correspondiente al mes de abril.<\/p>\n<p>El cual est\u00e1n\u00a0publicados el 26 de mayo pasado, a trav\u00e9s del \u00d3rgano Administrativo Desconcentrado de Prevenci\u00f3n y Readaptaci\u00f3n Social.<\/p>\n<p>En el informe se establece que en las c\u00e1rceles de Quintana Roo est\u00e1n recluidas un total de 164 mujeres.<\/p>\n<p>El cual es\u00a0por diversos delitos del fuero com\u00fan y federal, aunque en la mayor\u00eda de los casos su situaci\u00f3n jur\u00eddica a\u00fan no se define.<\/p>\n<h4>Las estad\u00edsticas de las internas est\u00e1n de la siguiente manera:<\/h4>\n<p>Fuero com\u00fan<\/p>\n<p>114 procesadas<\/p>\n<p>30 sentenciadas<\/p>\n<p>Fuero federal<\/p>\n<p>6 procesadas<\/p>\n<p>14 sentenciadas<\/p>\n<p>Total general<\/p>\n<p>120 procesadas<\/p>\n<p>44 sentenciadas<\/p>\n<h4>De los tres mil 613 reclusos en los cuatro penales del estado, las mujeres representan el 4.53%.<\/h4>\n<p>La poblaci\u00f3n masculina de los centros carcelarios es de tres mil 449; 64.69% aguarda por su sentencia, lo cual equivale a dos mil 231 internos.<\/p>\n<p>La sobrepoblaci\u00f3n penitenciaria de manera general en Quintana Roo, hasta el mes de abril del 2023, es de 34.06%.<\/p>\n<p>Adem\u00e1s de los dos mil 695 espacios disponibles hay un excedente de 918 reclusos.<\/p>\n<p>Las c\u00e1rceles de Quintana Roo son:<\/p>\n<p>Centro de Reinserci\u00f3n Social (Cereso) de Canc\u00fan<\/p>\n<p>Cereso de Cozumel<\/p>\n<p>Centro de Retenci\u00f3n Municipal de Playa del Carmen<\/p>\n<p>Cereso de Chetumal<\/p>\n","protected":false},"excerpt":{"rendered":"<p>M\u00e1s del 63% de mujeres en situaci\u00f3n de reclusi\u00f3n en Quintana Roo se encuentran en espera de su sentencia. De acuerdo con informaci\u00f3n de la Secretar\u00eda de Seguridad y Protecci\u00f3n Ciudadana (SSPC) del Gobierno de M\u00e9xico. As\u00ed como de\u00a0m\u00e1s del 63% de mujeres en situaci\u00f3n de reclusi\u00f3n en los centros penitenciarios de QuintanaRoo se encuentran [&hellip;]<\/p>\n","protected":false},"author":1,"featured_media":16423,"comment_status":"open","ping_status":"closed","sticky":false,"template":"","format":"standard","meta":{"footnotes":""},"categories":[1],"tags":[],"class_list":["post-16421","post","type-post","status-publish","format-standard","has-post-thumbnail","hentry","category-uncategorized"],"_links":{"self":[{"href":"https:\/\/podernacional.com\/index.php?rest_route=\/wp\/v2\/posts\/16421","targetHints":{"allow":["GET"]}}],"collection":[{"href":"https:\/\/podernacional.com\/index.php?rest_route=\/wp\/v2\/posts"}],"about":[{"href":"https:\/\/podernacional.com\/index.php?rest_route=\/wp\/v2\/types\/post"}],"author":[{"embeddable":true,"href":"https:\/\/podernacional.com\/index.php?rest_route=\/wp\/v2\/users\/1"}],"replies":[{"embeddable":true,"href":"https:\/\/podernacional.com\/index.php?rest_route=%2Fwp%2Fv2%2Fcomments&post=16421"}],"version-history":[{"count":1,"href":"https:\/\/podernacional.com\/index.php?rest_route=\/wp\/v2\/posts\/16421\/revisions"}],"predecessor-version":[{"id":16422,"href":"https:\/\/podernacional.com\/index.php?rest_route=\/wp\/v2\/posts\/16421\/revisions\/16422"}],"wp:featuredmedia":[{"embeddable":true,"href":"https:\/\/podernacional.com\/index.php?rest_route=\/wp\/v2\/media\/16423"}],"wp:attachment":[{"href":"https:\/\/podernacional.com\/index.php?rest_route=%2Fwp%2Fv2%2Fmedia&parent=16421"}],"wp:term":[{"taxonomy":"category","embeddable":true,"href":"https:\/\/podernacional.com\/index.php?rest_route=%2Fwp%2Fv2%2Fcategories&post=16421"},{"taxonomy":"post_tag","embeddable":true,"href":"https:\/\/podernacional.com\/index.php?rest_route=%2Fwp%2Fv2%2Ftags&post=16421"}],"curies":[{"name":"wp","href":"https:\/\/api.w.org\/{rel}","templated":true}]}}