{"id":16424,"date":"2023-06-06T20:00:00","date_gmt":"2023-06-07T01:00:00","guid":{"rendered":"https:\/\/podernacional.com\/?p=16424"},"modified":"2023-06-07T01:00:03","modified_gmt":"2023-06-07T01:00:03","slug":"subira-presupuesto-para-el-poder-judicial-en-2024","status":"publish","type":"post","link":"https:\/\/podernacional.com\/?p=16424","title":{"rendered":"Subir\u00e1 presupuesto para el Poder Judicial en 2024"},"content":{"rendered":"<h4>Finalmente, el Poder Judicial s\u00ed tendr\u00e1 mayor presupuesto, pero a partir de 2024.<\/h4>\n<p>El Congreso del estado aprob\u00f3 modificaciones a la Constituci\u00f3n Pol\u00edtica de Quintana Roo.<\/p>\n<p>Esto\u00a0para fortalecer la autonom\u00eda presupuestal en materia de impartici\u00f3n de justicia a favor del Poder Judicial, pero entrar\u00e1n en vigor hasta 2024.<\/p>\n<p>En sesi\u00f3n extraordinaria del Poder Legislativo las nuevas reformas constitucionales garantizar\u00e1n a partir del siguiente a\u00f1o.<\/p>\n<p>Esto para los magistrados locales un presupuesto anual mayor al 2 por ciento del presupuesto general del estado.<\/p>\n<p>A propuesta del grupo parlamentario de Morena, se reformaron los art\u00edculos 67 y 109 de la Constituci\u00f3n Pol\u00edtica a de Quintana Roo.<\/p>\n<p>Adem\u00e1s de\u00a0que sufrieron modificaciones apenas en diciembre de 2022 a trav\u00e9s del decreto 007.<\/p>\n<h4>Esto\u00a0con el argumento de privilegiar la austeridad en todos los \u00f3rganos aut\u00f3nomos del estado.<\/h4>\n<p>El prop\u00f3sito, de acuerdo con la iniciativa, es fortalecer la autonom\u00eda presupuestaria del Poder Judicial del estado.<\/p>\n<p>Adem\u00e1s del como se dicta desde la Corte Interamericana, donde se afirma que uno de los principios de la separaci\u00f3n de Poderes.<\/p>\n<p>Adem\u00e1s de que es la garant\u00eda de independencia judicial en su conjunto institucional.<\/p>\n<p>As\u00ed como\u00a0con el Poder Judicial como sistema y en su vertiente individual, representada por los jueces.<\/p>\n<p>Adem\u00e1s, la Suprema Corte de Justicia de la Naci\u00f3n mandata en sus criterios garantizar desde las Legislaturas.<\/p>\n<p>Adem\u00e1s de\u00a0los estados la independencia de los tribunales, se lee en el documento aprobado.<\/p>\n<p>En el art\u00edculo 67, con esta nueva reforma, se elimina al poder judicial del listado de entidades y \u00f3rganos constitucionales aut\u00f3nomos.<\/p>\n<p>Esto a los que puede disminuirse sus presupuestos en cualquier momento del ejercicio fiscal.<\/p>\n<p>Mientras que en el art\u00edculo 109 los cambios propuestos establecen que desde el Poder Judicial se debe ejercer un gasto racional.<\/p>\n<p>Adem\u00e1s de que\u00a0se puntualiza la obligaci\u00f3n de otorgarle cada a\u00f1o un propuesto no menor al 2 por ciento del monto total del presupuesto estatal.<\/p>\n<p>Con estas reformas, los diputados buscaban dejar sin materia la controversia constitucional interpuesta.<\/p>\n<p>El cual es\u00a0por los magistrados del Poder Judicial contra el decreto 007 de diciembre de 2022.<\/p>\n<h4>Sin embargo, su aplicaci\u00f3n hasta el pr\u00f3ximo a\u00f1o, a trav\u00e9s de un art\u00edculo transitorio.<\/h4>\n<p>Adem\u00e1s de que\u00a0puede ser el motivo para que la controversia contin\u00fae su curso.<\/p>\n<p>El propio presidente de la Junta de Gobierno y Coordinaci\u00f3n Pol\u00edtica, Renan S\u00e1nchez Tajonar.<\/p>\n<p>Esto lo asegur\u00f3 que esa controversia continuar\u00e1 su curso, en el marco de la separaci\u00f3n de los Poderes del estado.<\/p>\n<p>\u201cSabemos desde el Congreso, y en espec\u00edfico del grupo parlamentario de Morena, la necesidad de fortalecer la impartici\u00f3n de justicia\u201d.<\/p>\n<p>\u201cEsto\u00a0desde el Poder Judicial y esta reforma es la propuesta de Morena para equilibrar ambos temas\u201d.<\/p>\n<p>\u201cAs\u00ed como \u00a0la necesidad de tener justicia r\u00e1pida y expedita, pero con racionalidad en el gasto\u201d, dijo S\u00e1nchez Tajonar.<\/p>\n<p>&nbsp;<\/p>\n","protected":false},"excerpt":{"rendered":"<p>Finalmente, el Poder Judicial s\u00ed tendr\u00e1 mayor presupuesto, pero a partir de 2024. El Congreso del estado aprob\u00f3 modificaciones a la Constituci\u00f3n Pol\u00edtica de Quintana Roo. Esto\u00a0para fortalecer la autonom\u00eda presupuestal en materia de impartici\u00f3n de justicia a favor del Poder Judicial, pero entrar\u00e1n en vigor hasta 2024. En sesi\u00f3n extraordinaria del Poder Legislativo las [&hellip;]<\/p>\n","protected":false},"author":1,"featured_media":16426,"comment_status":"open","ping_status":"closed","sticky":false,"template":"","format":"standard","meta":{"footnotes":""},"categories":[10],"tags":[],"class_list":["post-16424","post","type-post","status-publish","format-standard","has-post-thumbnail","hentry","category-quintana-roo"],"_links":{"self":[{"href":"https:\/\/podernacional.com\/index.php?rest_route=\/wp\/v2\/posts\/16424","targetHints":{"allow":["GET"]}}],"collection":[{"href":"https:\/\/podernacional.com\/index.php?rest_route=\/wp\/v2\/posts"}],"about":[{"href":"https:\/\/podernacional.com\/index.php?rest_route=\/wp\/v2\/types\/post"}],"author":[{"embeddable":true,"href":"https:\/\/podernacional.com\/index.php?rest_route=\/wp\/v2\/users\/1"}],"replies":[{"embeddable":true,"href":"https:\/\/podernacional.com\/index.php?rest_route=%2Fwp%2Fv2%2Fcomments&post=16424"}],"version-history":[{"count":1,"href":"https:\/\/podernacional.com\/index.php?rest_route=\/wp\/v2\/posts\/16424\/revisions"}],"predecessor-version":[{"id":16425,"href":"https:\/\/podernacional.com\/index.php?rest_route=\/wp\/v2\/posts\/16424\/revisions\/16425"}],"wp:featuredmedia":[{"embeddable":true,"href":"https:\/\/podernacional.com\/index.php?rest_route=\/wp\/v2\/media\/16426"}],"wp:attachment":[{"href":"https:\/\/podernacional.com\/index.php?rest_route=%2Fwp%2Fv2%2Fmedia&parent=16424"}],"wp:term":[{"taxonomy":"category","embeddable":true,"href":"https:\/\/podernacional.com\/index.php?rest_route=%2Fwp%2Fv2%2Fcategories&post=16424"},{"taxonomy":"post_tag","embeddable":true,"href":"https:\/\/podernacional.com\/index.php?rest_route=%2Fwp%2Fv2%2Ftags&post=16424"}],"curies":[{"name":"wp","href":"https:\/\/api.w.org\/{rel}","templated":true}]}}