{"id":16472,"date":"2023-06-08T15:33:15","date_gmt":"2023-06-08T20:33:15","guid":{"rendered":"https:\/\/podernacional.com\/?p=16472"},"modified":"2023-06-08T20:33:17","modified_gmt":"2023-06-08T20:33:17","slug":"el-festival-de-cine-en-puerto-vallarta","status":"publish","type":"post","link":"https:\/\/podernacional.com\/?p=16472","title":{"rendered":"El Festival de Cine en Puerto Vallarta"},"content":{"rendered":"<h4>Este a\u00f1o con el galard\u00f3n La Iguana de Oro ser\u00e1 reconocida, entre otras cineastas, la actriz Arcelia Ram\u00edrez<\/h4>\n<p>Con la presentaci\u00f3n de ocho pel\u00edculas, se llevar\u00e1 a cabo del 8 al 11 de junio.<\/p>\n<p>As\u00ed como en\u00a0el Festival Internacional de Cine en Puerto Vallarta 2023 (FICPV), organizado por el Centro Universitario de la Costa.<\/p>\n<p>En rueda de prensa, Jos\u00e9 Luis Cornejo Ortega, Secretario Acad\u00e9mico del CUCosta.<\/p>\n<p>El cual\u00a0anunci\u00f3 que esta edici\u00f3n se realizar\u00e1 en memoria Ra\u00fal Padilla L\u00f3pez, quien impuls\u00f3 la realizaci\u00f3n de este festival.<\/p>\n<p>Por su parte, Ana Elena Martin del Campo Carrillo, coordinadora general del FICPV23.<\/p>\n<p>Adem\u00e1s de que coment\u00f3 que se realizar\u00e1 en diferentes sedes, a fin de que la poblaci\u00f3n local lo pueda disfrutar.<\/p>\n<p>Mientras que C\u00e9sar Omar Avil\u00e9s Gonz\u00e1lez, director ejecutivo de la Fundaci\u00f3n Universidad de Guadalajara.<\/p>\n<p>El cual\u00a0afirm\u00f3 que el cine tambi\u00e9n propicia apoyar buenas causas.<\/p>\n<p>Por lo que la recaudaci\u00f3n de la funci\u00f3n de gala que se realizar\u00e1 este a\u00f1o, el 10 de junio a las 20:00 horas.<\/p>\n<h4>Adem\u00e1s de que\u00a0ser\u00e1 para el Centro Cultural Biblioteca Los Mangos.<\/h4>\n<p>El costo del boleto es de 100 pesos y se espera una capacidad de 400 espacios.<\/p>\n<p>La inauguraci\u00f3n del FICPV23 ser\u00e1 con la proyecci\u00f3n de la pel\u00edcula La Pecera (2023), de la directora Glorimar Marrero-S\u00e1nchez.<\/p>\n<p>Se exhibir\u00e1 tambi\u00e9n Redes: Juegos de la vida (2023), con la asistencia de su director C\u00e9sar Ar\u00e9chiga y La mujer de Benjam\u00edn (1991).<\/p>\n<p>Esto\u00a0en el marco del Homenaje a la actriz Arcelia Ram\u00edrez.<\/p>\n<p>Mientras que el d\u00eda de clausura se proyectar\u00e1 Mart\u00ednez (2023) y contar\u00e1 con la presencia de la directora Lorena Padilla.<\/p>\n<p>Adem\u00e1s de Martha Claudia Moreno como actriz del elenco. Otros filmes a exhibir son Almamula, Kenya (2022) y, El castillo (2023).<\/p>\n<p>En la secci\u00f3n acad\u00e9mica, se contar\u00e1 con la participaci\u00f3n de Olivia Luengas, reconocida directora.<\/p>\n<p>Adem\u00e1s de la\u00a0cinefot\u00f3grafa mexicana quien impartir\u00e1 la Master Class denominada: \u201cAcercamiento al cine documental\u201d.<\/p>\n<p>La programaci\u00f3n de esta edici\u00f3n incluye, adem\u00e1s, la 3era. Muestra del Concurso \u201cEl mar en corto\u201d.<\/p>\n<p>Adem\u00e1s del\u00a0espacio donde el talento vallartense tiene la oportunidad de expresar sus ideas de forma creativa a trav\u00e9s del s\u00e9ptimo arte.<\/p>\n","protected":false},"excerpt":{"rendered":"<p>Este a\u00f1o con el galard\u00f3n La Iguana de Oro ser\u00e1 reconocida, entre otras cineastas, la actriz Arcelia Ram\u00edrez Con la presentaci\u00f3n de ocho pel\u00edculas, se llevar\u00e1 a cabo del 8 al 11 de junio. As\u00ed como en\u00a0el Festival Internacional de Cine en Puerto Vallarta 2023 (FICPV), organizado por el Centro Universitario de la Costa. En [&hellip;]<\/p>\n","protected":false},"author":1,"featured_media":16474,"comment_status":"open","ping_status":"closed","sticky":false,"template":"","format":"standard","meta":{"footnotes":""},"categories":[2],"tags":[],"class_list":["post-16472","post","type-post","status-publish","format-standard","has-post-thumbnail","hentry","category-cultural"],"_links":{"self":[{"href":"https:\/\/podernacional.com\/index.php?rest_route=\/wp\/v2\/posts\/16472","targetHints":{"allow":["GET"]}}],"collection":[{"href":"https:\/\/podernacional.com\/index.php?rest_route=\/wp\/v2\/posts"}],"about":[{"href":"https:\/\/podernacional.com\/index.php?rest_route=\/wp\/v2\/types\/post"}],"author":[{"embeddable":true,"href":"https:\/\/podernacional.com\/index.php?rest_route=\/wp\/v2\/users\/1"}],"replies":[{"embeddable":true,"href":"https:\/\/podernacional.com\/index.php?rest_route=%2Fwp%2Fv2%2Fcomments&post=16472"}],"version-history":[{"count":1,"href":"https:\/\/podernacional.com\/index.php?rest_route=\/wp\/v2\/posts\/16472\/revisions"}],"predecessor-version":[{"id":16473,"href":"https:\/\/podernacional.com\/index.php?rest_route=\/wp\/v2\/posts\/16472\/revisions\/16473"}],"wp:featuredmedia":[{"embeddable":true,"href":"https:\/\/podernacional.com\/index.php?rest_route=\/wp\/v2\/media\/16474"}],"wp:attachment":[{"href":"https:\/\/podernacional.com\/index.php?rest_route=%2Fwp%2Fv2%2Fmedia&parent=16472"}],"wp:term":[{"taxonomy":"category","embeddable":true,"href":"https:\/\/podernacional.com\/index.php?rest_route=%2Fwp%2Fv2%2Fcategories&post=16472"},{"taxonomy":"post_tag","embeddable":true,"href":"https:\/\/podernacional.com\/index.php?rest_route=%2Fwp%2Fv2%2Ftags&post=16472"}],"curies":[{"name":"wp","href":"https:\/\/api.w.org\/{rel}","templated":true}]}}