{"id":16475,"date":"2023-06-08T15:37:43","date_gmt":"2023-06-08T20:37:43","guid":{"rendered":"https:\/\/podernacional.com\/?p=16475"},"modified":"2023-06-08T20:37:45","modified_gmt":"2023-06-08T20:37:45","slug":"gobierno-de-quintana-roo-muestra-proyeccion-del-estado-a-union-europea-y-suiza","status":"publish","type":"post","link":"https:\/\/podernacional.com\/?p=16475","title":{"rendered":"Gobierno de Quintana Roo muestra proyecci\u00f3n del Estado a Uni\u00f3n Europea y Suiza"},"content":{"rendered":"<h4>-La gobernadora Mara Lezama se re\u00fane con misi\u00f3n de diplom\u00e1ticos europeos donde hablaron de la\u00a0proyecci\u00f3n del turismo.<\/h4>\n<p>As\u00ed como del crecimiento econ\u00f3mico, la inversi\u00f3n, seguridad y esquemas de cooperaci\u00f3n.<\/p>\n<p>Durante su encuentro con una delegaci\u00f3n diplom\u00e1tica de la Uni\u00f3n Europea y Suiza en misi\u00f3n conjunta.<\/p>\n<p>Adem\u00e1s de\u00a0la gobernadora Mara Lezama Espinosa destac\u00f3 el trabajo e intercambio de opiniones para fortalecer.<\/p>\n<p>As\u00ed como de\u00a0ampliar el marco de las relaciones bilaterales, en una nueva etapa de la transformaci\u00f3n profunda que vive M\u00e9xico y Quintana Roo.<\/p>\n<p>Mara Lezama, c\u00f3nsules y diplom\u00e1ticos, abordaron temas de inter\u00e9s com\u00fan, como la proyecci\u00f3n del turismo.<\/p>\n<p>Adem\u00e1s del crecimiento econ\u00f3mico, la inversi\u00f3n, seguridad, y el trabajo conjunto para sus connacionales al visitar Quintana Roo.<\/p>\n<p>Al darles la bienvenida, la primera mujer gobernadora de Quintana Roo pidi\u00f3 que su mensaje sea extendido.<\/p>\n<p>Esto\u00a0a los m\u00e1s de 500 millones de ciudadanos de los 28 Estados miembros a quienes representan.<\/p>\n<p>\u201cEsta es una tierra maravillosa, de ra\u00edces ancestrales, cultura milenaria, de exquisita gastronom\u00eda, cielo, mar, playas y selva de ensue\u00f1o\u201d.<\/p>\n<h4>\u201cAdem\u00e1s de que\u00a0sobre todas las cosas, de calidez de nuestra gente\u201d expres\u00f3 Mara Lezama.<\/h4>\n<p>La titular del Ejecutivo explic\u00f3 que, a ocho meses de su gobierno, Quintana Roo vive una transformaci\u00f3n profunda.<\/p>\n<p>Esto\u00a0a trav\u00e9s de un Nuevo Acuerdo por el Bienestar y Desarrollo en el que participan todos los sectores sociales y econ\u00f3micos de la entidad.<\/p>\n<p>Esto con el objetivo central de generar prosperidad compartida que se refleje en las comunidades y las personas menos favorecidas.<\/p>\n<p>Este objetivo permitir\u00e1 cerrar brechas de desigualdad, poner en el centro de las acciones a las personas.<\/p>\n<p>Adem\u00e1s de\u00a0hacer justicia social primero a los pobres e impulsar un crecimiento econ\u00f3mico equilibrado con paz y tranquilidad para todas y todos.<\/p>\n<p>A\u00f1adi\u00f3 que en la proyecci\u00f3n de crecimiento econ\u00f3mico a futuro, el Gobierno de M\u00e9xico destina inversiones hist\u00f3rica para el sureste de M\u00e9xico.<\/p>\n<p>Esto\u00a0en especial a Quintana Roo, que mejorar\u00e1 las condiciones de vida en la comunidades rurales, con empleo, oportunidades comerciales.<\/p>\n<p>Adem\u00e1s de la\u00a0apertura de zonas arqueol\u00f3gicas, m\u00e1s flujo de turistas que tendr\u00e1n la oportunidad de descubrir riqueza natural, cultural e hist\u00f3rica.<\/p>\n<p>En este encuentro particip\u00f3 el Jefe de la Secci\u00f3n Pol\u00edtica, Prensa e Informaci\u00f3n de la delegaci\u00f3n de la Uni\u00f3n Europea en M\u00e9xico, Mirko Puig.<\/p>\n<p>As\u00ed como de\u00a0la vicec\u00f3nsul de Espa\u00f1a Teresa Barba. Por Quintana Roo, el secretario de turismo Bernardo Cueto Riestra.<\/p>\n<p>Adem\u00e1s del secretario de Seguridad P\u00fablica contralmirante Rub\u00e9n Oyarvide Pedrero, el secretario de Desarrollo Territorial Urbano Sustentable.<\/p>\n<p>As\u00ed como de\u00a0Armando Lara De Nigris, y la secretaria de la Contralor\u00eda Reyna Arceo Rosado.<\/p>\n","protected":false},"excerpt":{"rendered":"<p>-La gobernadora Mara Lezama se re\u00fane con misi\u00f3n de diplom\u00e1ticos europeos donde hablaron de la\u00a0proyecci\u00f3n del turismo. As\u00ed como del crecimiento econ\u00f3mico, la inversi\u00f3n, seguridad y esquemas de cooperaci\u00f3n. Durante su encuentro con una delegaci\u00f3n diplom\u00e1tica de la Uni\u00f3n Europea y Suiza en misi\u00f3n conjunta. Adem\u00e1s de\u00a0la gobernadora Mara Lezama Espinosa destac\u00f3 el trabajo e [&hellip;]<\/p>\n","protected":false},"author":1,"featured_media":16477,"comment_status":"open","ping_status":"closed","sticky":false,"template":"","format":"standard","meta":{"footnotes":""},"categories":[10],"tags":[],"class_list":["post-16475","post","type-post","status-publish","format-standard","has-post-thumbnail","hentry","category-quintana-roo"],"_links":{"self":[{"href":"https:\/\/podernacional.com\/index.php?rest_route=\/wp\/v2\/posts\/16475","targetHints":{"allow":["GET"]}}],"collection":[{"href":"https:\/\/podernacional.com\/index.php?rest_route=\/wp\/v2\/posts"}],"about":[{"href":"https:\/\/podernacional.com\/index.php?rest_route=\/wp\/v2\/types\/post"}],"author":[{"embeddable":true,"href":"https:\/\/podernacional.com\/index.php?rest_route=\/wp\/v2\/users\/1"}],"replies":[{"embeddable":true,"href":"https:\/\/podernacional.com\/index.php?rest_route=%2Fwp%2Fv2%2Fcomments&post=16475"}],"version-history":[{"count":1,"href":"https:\/\/podernacional.com\/index.php?rest_route=\/wp\/v2\/posts\/16475\/revisions"}],"predecessor-version":[{"id":16476,"href":"https:\/\/podernacional.com\/index.php?rest_route=\/wp\/v2\/posts\/16475\/revisions\/16476"}],"wp:featuredmedia":[{"embeddable":true,"href":"https:\/\/podernacional.com\/index.php?rest_route=\/wp\/v2\/media\/16477"}],"wp:attachment":[{"href":"https:\/\/podernacional.com\/index.php?rest_route=%2Fwp%2Fv2%2Fmedia&parent=16475"}],"wp:term":[{"taxonomy":"category","embeddable":true,"href":"https:\/\/podernacional.com\/index.php?rest_route=%2Fwp%2Fv2%2Fcategories&post=16475"},{"taxonomy":"post_tag","embeddable":true,"href":"https:\/\/podernacional.com\/index.php?rest_route=%2Fwp%2Fv2%2Ftags&post=16475"}],"curies":[{"name":"wp","href":"https:\/\/api.w.org\/{rel}","templated":true}]}}