{"id":16478,"date":"2023-06-08T15:41:38","date_gmt":"2023-06-08T20:41:38","guid":{"rendered":"https:\/\/podernacional.com\/?p=16478"},"modified":"2023-06-08T20:41:40","modified_gmt":"2023-06-08T20:41:40","slug":"exhiben-organizaciones-feministas-en-redes-a-deudores-alimentarios-de-quintana-roo","status":"publish","type":"post","link":"https:\/\/podernacional.com\/?p=16478","title":{"rendered":"Exhiben organizaciones feministas en redes a deudores alimentarios de Quintana Roo"},"content":{"rendered":"<h4>Cumplen organizaciones feministas con su advertencia y a partir de este mi\u00e9rcoles comenzaron a publicar en redes sociales.<\/h4>\n<p>Adem\u00e1s de\u00a0las fotograf\u00edas y datos personales de los deudores alimentarios que habitan en municipios de Quintana Roo.<\/p>\n<p>Organizaciones como \u201cFuerza Mujeres Q. Roo\u201d hab\u00edan advertido que si los hombres no se pon\u00edan al corriente.<\/p>\n<p>Esto\u00a0con el pago de la pensi\u00f3n alimenticia para sus hijos, iban a ser exhibidos a trav\u00e9s de Facebook, Twitter e Instagram.<\/p>\n<p>\u201cVamos a seguir haci\u00e9ndolo, hasta que paguen todas deudas con sus hijos o por lo menos les de verguenza de todo lo que est\u00e1n haciendo.<\/p>\n<p>Adem\u00e1s del\u00a0porque es injusto que abandonen de manera irresponsables a su propia sangre\u201d, declaro Leticia, administradora de la p\u00e1gina \u201cDeudores Alimentarios Q.Roo\u201d.<\/p>\n<p>Lo que sorprendi\u00f3 que a partir de este siete de junio se publicaron aproximadamente m\u00e1s de 40 perfiles de presuntos deudores.<\/p>\n<p>Esto\u00a0aunque una cuarta parte de ellos logr\u00f3 que se eliminara su fotograf\u00eda tras hacer el pago correspondiente de sus adeudos.<\/p>\n<h4>Surgen p\u00e1ginas que exhiben a deudores alimentarios<\/h4>\n<p>Desde entonces han surgido en Quintana Roo alrededor de siete p\u00e1ginas diferentes que tienen como objetivo el mismo objetivo:<\/p>\n<p>Exhibir a los deudores de la pensi\u00f3n alimenticia.<\/p>\n<p>Sin embargo, varios de los afectados amenazaron con denunciar a estas p\u00e1ginas y perfiles de redes sociales.<\/p>\n<p>Esto debido a que est\u00e1n exponiendo sus datos personales.<\/p>\n<p>As\u00ed como\u00a0por lo que el d\u00eda de ma\u00f1ana pretenden presentarse ante la Fiscal\u00eda General del Estado para realizar la denuncia correspondiente.<\/p>\n<p>Cabe destacar que recientemente el Congreso de Quintana Roo aprob\u00f3 una reforma de ley.<\/p>\n<p>El cual\u00a0que imposibilita a los deudores de la pensi\u00f3n alimentaria acceder a cargos p\u00fablicos que sean electos por votaci\u00f3n popular.<\/p>\n","protected":false},"excerpt":{"rendered":"<p>Cumplen organizaciones feministas con su advertencia y a partir de este mi\u00e9rcoles comenzaron a publicar en redes sociales. Adem\u00e1s de\u00a0las fotograf\u00edas y datos personales de los deudores alimentarios que habitan en municipios de Quintana Roo. Organizaciones como \u201cFuerza Mujeres Q. Roo\u201d hab\u00edan advertido que si los hombres no se pon\u00edan al corriente. Esto\u00a0con el pago [&hellip;]<\/p>\n","protected":false},"author":1,"featured_media":16480,"comment_status":"open","ping_status":"closed","sticky":false,"template":"","format":"standard","meta":{"footnotes":""},"categories":[10],"tags":[],"class_list":["post-16478","post","type-post","status-publish","format-standard","has-post-thumbnail","hentry","category-quintana-roo"],"_links":{"self":[{"href":"https:\/\/podernacional.com\/index.php?rest_route=\/wp\/v2\/posts\/16478","targetHints":{"allow":["GET"]}}],"collection":[{"href":"https:\/\/podernacional.com\/index.php?rest_route=\/wp\/v2\/posts"}],"about":[{"href":"https:\/\/podernacional.com\/index.php?rest_route=\/wp\/v2\/types\/post"}],"author":[{"embeddable":true,"href":"https:\/\/podernacional.com\/index.php?rest_route=\/wp\/v2\/users\/1"}],"replies":[{"embeddable":true,"href":"https:\/\/podernacional.com\/index.php?rest_route=%2Fwp%2Fv2%2Fcomments&post=16478"}],"version-history":[{"count":1,"href":"https:\/\/podernacional.com\/index.php?rest_route=\/wp\/v2\/posts\/16478\/revisions"}],"predecessor-version":[{"id":16479,"href":"https:\/\/podernacional.com\/index.php?rest_route=\/wp\/v2\/posts\/16478\/revisions\/16479"}],"wp:featuredmedia":[{"embeddable":true,"href":"https:\/\/podernacional.com\/index.php?rest_route=\/wp\/v2\/media\/16480"}],"wp:attachment":[{"href":"https:\/\/podernacional.com\/index.php?rest_route=%2Fwp%2Fv2%2Fmedia&parent=16478"}],"wp:term":[{"taxonomy":"category","embeddable":true,"href":"https:\/\/podernacional.com\/index.php?rest_route=%2Fwp%2Fv2%2Fcategories&post=16478"},{"taxonomy":"post_tag","embeddable":true,"href":"https:\/\/podernacional.com\/index.php?rest_route=%2Fwp%2Fv2%2Ftags&post=16478"}],"curies":[{"name":"wp","href":"https:\/\/api.w.org\/{rel}","templated":true}]}}