{"id":16484,"date":"2023-06-08T15:45:37","date_gmt":"2023-06-08T20:45:37","guid":{"rendered":"https:\/\/podernacional.com\/?p=16484"},"modified":"2023-06-08T20:45:39","modified_gmt":"2023-06-08T20:45:39","slug":"sacan-a-malosos-de-quintana-roo","status":"publish","type":"post","link":"https:\/\/podernacional.com\/?p=16484","title":{"rendered":"Sacan a malosos de Quintana Roo"},"content":{"rendered":"<h4>Un total de 26 personas privadas de la libertad del Centro de Reinserci\u00f3n Social (Cereso) de Canc\u00fan.<\/h4>\n<p>Adem\u00e1s de que\u00a0fueron trasladadas a establecimientos federales ubicados tanto en Oaxaca, como en Chiapas.<\/p>\n<p>La Secretar\u00eda de Seguridad Ciudadana (SSC) del estado inform\u00f3 que el traslado se realiz\u00f3 v\u00eda a\u00e9rea.<\/p>\n<p>As\u00ed como que\u00a0con estricto apego a las indicaciones de la Comisi\u00f3n Nacional de Derechos Humanos (CNDH).<\/p>\n<p>En el operativo participaron elementos de la Secretar\u00eda de Marina (Semar), la Guardia Nacional.<\/p>\n<p>As\u00ed como polic\u00edas estatales, puesto que lo que se pretende tras este traslado es mantener la gobernabilidad.<\/p>\n<h4>As\u00ed como la seguridad de la c\u00e1rcel de Canc\u00fan.<\/h4>\n<p>La dependencia indic\u00f3 que las 26 personas privadas de la libertad fueron enviadas a los Centros Federales de Readaptaci\u00f3n Social (Ceferesos).<\/p>\n<p>El cual est\u00e1\u00a0localizados en Oaxaca y Chiapas, a fin de despresurizar los penales de Quintana Roo.<\/p>\n<p>Hay que recordar que la Secretar\u00eda de Seguridad Ciudadana estatal, de septiembre de 2022 a mayo del a\u00f1o en curso.<\/p>\n<p>El cual ha implementado 898 revisiones en los cinco establecimientos penitenciarios que existen en Quintana Roo.<\/p>\n<p>Del total de supervisiones, 119 correspondieron al penal de Chetumal, 135 al de Canc\u00fan, 48 en el de Playa del Carmen.<\/p>\n<p>Adem\u00e1s de\u00a071 en el de Cozumel y 525 en el establecimiento donde se encuentran los adolescentes en conflicto con la ley.<\/p>\n<p>Respecto a los traslados en los primeros ocho meses de la actual administraci\u00f3n, se han efectuado 262.<\/p>\n<p>De los cuales, 10 se presentaron dentro del estado y el resto a diversos centros federales.<\/p>\n<p>Por lo que, los 26 que recientemente se registraron, se suman a estas acciones con que las autoridades.<\/p>\n<p>Las cuales pretenden mantener el orden en estos lugares de internamiento.<\/p>\n","protected":false},"excerpt":{"rendered":"<p>Un total de 26 personas privadas de la libertad del Centro de Reinserci\u00f3n Social (Cereso) de Canc\u00fan. Adem\u00e1s de que\u00a0fueron trasladadas a establecimientos federales ubicados tanto en Oaxaca, como en Chiapas. La Secretar\u00eda de Seguridad Ciudadana (SSC) del estado inform\u00f3 que el traslado se realiz\u00f3 v\u00eda a\u00e9rea. As\u00ed como que\u00a0con estricto apego a las indicaciones [&hellip;]<\/p>\n","protected":false},"author":1,"featured_media":16486,"comment_status":"open","ping_status":"closed","sticky":false,"template":"","format":"standard","meta":{"footnotes":""},"categories":[10],"tags":[],"class_list":["post-16484","post","type-post","status-publish","format-standard","has-post-thumbnail","hentry","category-quintana-roo"],"_links":{"self":[{"href":"https:\/\/podernacional.com\/index.php?rest_route=\/wp\/v2\/posts\/16484","targetHints":{"allow":["GET"]}}],"collection":[{"href":"https:\/\/podernacional.com\/index.php?rest_route=\/wp\/v2\/posts"}],"about":[{"href":"https:\/\/podernacional.com\/index.php?rest_route=\/wp\/v2\/types\/post"}],"author":[{"embeddable":true,"href":"https:\/\/podernacional.com\/index.php?rest_route=\/wp\/v2\/users\/1"}],"replies":[{"embeddable":true,"href":"https:\/\/podernacional.com\/index.php?rest_route=%2Fwp%2Fv2%2Fcomments&post=16484"}],"version-history":[{"count":1,"href":"https:\/\/podernacional.com\/index.php?rest_route=\/wp\/v2\/posts\/16484\/revisions"}],"predecessor-version":[{"id":16485,"href":"https:\/\/podernacional.com\/index.php?rest_route=\/wp\/v2\/posts\/16484\/revisions\/16485"}],"wp:featuredmedia":[{"embeddable":true,"href":"https:\/\/podernacional.com\/index.php?rest_route=\/wp\/v2\/media\/16486"}],"wp:attachment":[{"href":"https:\/\/podernacional.com\/index.php?rest_route=%2Fwp%2Fv2%2Fmedia&parent=16484"}],"wp:term":[{"taxonomy":"category","embeddable":true,"href":"https:\/\/podernacional.com\/index.php?rest_route=%2Fwp%2Fv2%2Fcategories&post=16484"},{"taxonomy":"post_tag","embeddable":true,"href":"https:\/\/podernacional.com\/index.php?rest_route=%2Fwp%2Fv2%2Ftags&post=16484"}],"curies":[{"name":"wp","href":"https:\/\/api.w.org\/{rel}","templated":true}]}}