{"id":16514,"date":"2023-06-09T15:12:15","date_gmt":"2023-06-09T20:12:15","guid":{"rendered":"https:\/\/podernacional.com\/?p=16514"},"modified":"2023-06-09T20:12:17","modified_gmt":"2023-06-09T20:12:17","slug":"participacion-argentina-en-el-festival-de-annecy-y-el-mercado-mifa","status":"publish","type":"post","link":"https:\/\/podernacional.com\/?p=16514","title":{"rendered":"Participaci\u00f3n argentina en el Festival de Annecy y el mercado MIFA"},"content":{"rendered":"<h4>La delegaci\u00f3n nacional, que participar\u00e1 de diferentes secciones del Festival y del mercado MIFA, est\u00e1 integrada por cuarenta y seis representantes.<\/h4>\n<p>Esto\u00a0entre los que se encuentran referentes de empresas y profesionales independientes.<\/p>\n<p>Del 11 al 17 de junio, en el marco del Festival Internacional de Cine de Animaci\u00f3n de Annecy.<\/p>\n<p>Adem\u00e1s del evento de animaci\u00f3n m\u00e1s importante del mundo, y de su mercado MIFA.<\/p>\n<p>As\u00ed mismo se presentar\u00e1n producciones y proyectos audiovisuales argentinos junto a una delegaci\u00f3n integrada por diversas empresas locales y profesionales independientes.<\/p>\n<p>La selecci\u00f3n oficial del Festival ofrecer\u00e1 tres producciones nacionales en distintas categor\u00edas.<\/p>\n<p>En la Competencia de TV Films se presenta la serie Artur y Dropsik \u00bfMe lo puedo quedar?, de los cordobeses Mat\u00edas Ferreyra.<\/p>\n<p>Adem\u00e1s de\u00a0Mar\u00eda Rosario Carlino, un trabajo realizado con la t\u00e9cnica de cut-out \u2013una variante del stop motion\u2013.<\/p>\n<p>El cual\u00a0que narra en diez episodios la historia entre un joven y su gato.<\/p>\n<p>Adem\u00e1s, en la secci\u00f3n Commissioned Films compite Siam\u00e9s \u201cAll the Best\u201d, un video musical de Pablo Rold\u00e1n, producido por Rudo Films.<\/p>\n<p>Adem\u00e1s de que est\u00e1\u00a0realizado especialmente para la banda musical argentina Siam\u00e9s.<\/p>\n<h4>La selecci\u00f3n se completa con la coproducci\u00f3n argentino mexicana Carne de Dios, de Patricio Plaza.<\/h4>\n<p>El cual\u00a0fue seleccionada entre m\u00e1s de 3200 producciones que se inscribieron en la Competencia Oficial de Cortometrajes.<\/p>\n<p>Carne de Dios fue galardonado, en noviembre de 2022, con el Premio Astor Piazzolla al Mejor Cortometraje.<\/p>\n<p>Esto\u00a0en el Festival Internacional de Cine de Mar del Plata. Adem\u00e1s, Patricio Plaza ser\u00e1 el encargado de programar una selecci\u00f3n especial.<\/p>\n<p>Esto\u00a0en el marco de la secci\u00f3n Animaci\u00f3n, Orgullo y Diversidad: \u201cHidden Queer Desires\u201d.<\/p>\n<p>Adem\u00e1s de que est\u00e1\u00a0dedicada a la tem\u00e1tica de la diversidad de g\u00e9nero en formato de animaci\u00f3n.<\/p>\n<p>Cabe destacar que el realizador es el primer argentino en participar de una curadur\u00eda en el Festival de Annecy.<\/p>\n<p>Como parte de este programa, se exhibir\u00e1 el cortometraje argentino Rumbos ocultos, de Guido Depaoli.<\/p>\n<p>Entre las sesiones de pitching de MIFA, el mi\u00e9rcoles 14 de junio, en el sal\u00f3n Haendel del Palacio Imperial.<\/p>\n<p>Adem\u00e1s de que\u00a0tendr\u00e1 lugar La Liga de la Animaci\u00f3n Iberoamericana Focus @MIFA, un espacio para los proyectos de series.<\/p>\n<p>As\u00ed como\u00a0de largometrajes que fueron ganadores en Animation! 2022, secci\u00f3n de Ventana Sur dedicada exclusivamente a la animaci\u00f3n.<\/p>\n<p>Tambi\u00e9n, como parte del programa de La Liga, se presentar\u00e1 el proyecto ganador del Programa de Mentor\u00edas para Creadoras.<\/p>\n<p>En este marco, se exhibir\u00e1n El futuro imposible, de Mart\u00edn Haas y Antonio Balseiro.<\/p>\n<p>As\u00ed como una producci\u00f3n con t\u00e9cnicas mixtas que aborda las problem\u00e1ticas econ\u00f3micas y ecol\u00f3gicas.<\/p>\n<p>As\u00ed como sus posibles soluciones para el futuro; y Esther, del director y animador Ezequiel Torres.<\/p>\n<p>Adem\u00e1s, en MIFA Pitches Animation du Monde, se presentar\u00e1 el proyecto de cortometraje La mujer parecida a m\u00ed,.<\/p>\n<p>Esto de la argentina Eleonora Comelli y el frances Ange Potier, que a trav\u00e9s de la t\u00e9cnica de pintura sobre vidrio.<\/p>\n<p>El cual\u00a0ofrece una adaptaci\u00f3n del cuento hom\u00f3nimo del escritor uruguayo Felisberto Hern\u00e1ndez.<\/p>\n<p>&nbsp;<\/p>\n<p>&nbsp;<\/p>\n","protected":false},"excerpt":{"rendered":"<p>La delegaci\u00f3n nacional, que participar\u00e1 de diferentes secciones del Festival y del mercado MIFA, est\u00e1 integrada por cuarenta y seis representantes. Esto\u00a0entre los que se encuentran referentes de empresas y profesionales independientes. Del 11 al 17 de junio, en el marco del Festival Internacional de Cine de Animaci\u00f3n de Annecy. Adem\u00e1s del evento de animaci\u00f3n [&hellip;]<\/p>\n","protected":false},"author":1,"featured_media":16516,"comment_status":"open","ping_status":"closed","sticky":false,"template":"","format":"standard","meta":{"footnotes":""},"categories":[2],"tags":[],"class_list":["post-16514","post","type-post","status-publish","format-standard","has-post-thumbnail","hentry","category-cultural"],"_links":{"self":[{"href":"https:\/\/podernacional.com\/index.php?rest_route=\/wp\/v2\/posts\/16514","targetHints":{"allow":["GET"]}}],"collection":[{"href":"https:\/\/podernacional.com\/index.php?rest_route=\/wp\/v2\/posts"}],"about":[{"href":"https:\/\/podernacional.com\/index.php?rest_route=\/wp\/v2\/types\/post"}],"author":[{"embeddable":true,"href":"https:\/\/podernacional.com\/index.php?rest_route=\/wp\/v2\/users\/1"}],"replies":[{"embeddable":true,"href":"https:\/\/podernacional.com\/index.php?rest_route=%2Fwp%2Fv2%2Fcomments&post=16514"}],"version-history":[{"count":1,"href":"https:\/\/podernacional.com\/index.php?rest_route=\/wp\/v2\/posts\/16514\/revisions"}],"predecessor-version":[{"id":16515,"href":"https:\/\/podernacional.com\/index.php?rest_route=\/wp\/v2\/posts\/16514\/revisions\/16515"}],"wp:featuredmedia":[{"embeddable":true,"href":"https:\/\/podernacional.com\/index.php?rest_route=\/wp\/v2\/media\/16516"}],"wp:attachment":[{"href":"https:\/\/podernacional.com\/index.php?rest_route=%2Fwp%2Fv2%2Fmedia&parent=16514"}],"wp:term":[{"taxonomy":"category","embeddable":true,"href":"https:\/\/podernacional.com\/index.php?rest_route=%2Fwp%2Fv2%2Fcategories&post=16514"},{"taxonomy":"post_tag","embeddable":true,"href":"https:\/\/podernacional.com\/index.php?rest_route=%2Fwp%2Fv2%2Ftags&post=16514"}],"curies":[{"name":"wp","href":"https:\/\/api.w.org\/{rel}","templated":true}]}}