{"id":16517,"date":"2023-06-09T15:14:26","date_gmt":"2023-06-09T20:14:26","guid":{"rendered":"https:\/\/podernacional.com\/?p=16517"},"modified":"2023-06-09T20:14:28","modified_gmt":"2023-06-09T20:14:28","slug":"personal-de-sanidad-vegetal-recibe-su-pago-y-regresa-a-labores-en-quintana-roo","status":"publish","type":"post","link":"https:\/\/podernacional.com\/?p=16517","title":{"rendered":"Personal de Sanidad Vegetal recibe su pago y regresa a labores en Quintana Roo"},"content":{"rendered":"<h4>El Comit\u00e9 de Sanidad Vegetal recibi\u00f3 a finales del mes pasado el recurso federal correspondiente a 16 millones.<\/h4>\n<p>As\u00ed como de\u00a0medio que estaban pendientes de liberar.<\/p>\n<p>Esto\u00a0por lo que ese mismo d\u00eda dieron por finalizado el paro laboral que iniciaron el 17 de mayo.<\/p>\n<p>Lo anterior lo indic\u00f3 en entrevista, Pedro L\u00f3pez S\u00e1nchez, gerente el comit\u00e9 estatal de Sanidad Vegetal en Quintana Roo.<\/p>\n<p>As\u00ed como de\u00a0quien se\u00f1al\u00f3 que el personal operativo ya se incorpor\u00f3 a su trabajo de campo en los seis proyectos que manejan.<\/p>\n<p>\u201cFueron 16 millones y medio aproximadamente, este recurso federal nos permitir\u00e1 concluir los trabajos de operatividad programados hasta el 31 de diciembre\u201d, indic\u00f3.<\/p>\n<p>Coment\u00f3 que, al d\u00eda de hoy, ya tienen los recursos al cien por ciento.<\/p>\n<p>Sin embargo, hay temas pendientes como mejoras al salario y otras necesidades, pero mientras tanto cumplir\u00e1n con el proceso.<\/p>\n<h4>As\u00ed como de\u00a0lo establecido en los programas de trabajo.<\/h4>\n<p>El entrevistado se\u00f1al\u00f3 que todav\u00eda est\u00e1 pendiente la aportaci\u00f3n estatal de 500 mil pesos.<\/p>\n<p>El cual est\u00e1\u00a0destinado para el manejo fitosanitario cocotero y el programa de inocuidad agr\u00edcola, para lo cual deber\u00e1n realizar un tr\u00e1mite aparte.<\/p>\n<p>Coment\u00f3 que ante los se\u00f1alamientos de loa agricultores de las zonas de Jos\u00e9 Mar\u00eda Morelos y L\u00e1zaro C\u00e1rdenas.<\/p>\n<p>Adem\u00e1s de que\u00a0sobre las afectaciones por el paro laboral, indic\u00f3 que el personal ya est\u00e1 en campo.<\/p>\n<p>Sin embargo, explic\u00f3 que algunos inspectores no llegan a las comunidades debido a que los veh\u00edculos est\u00e1n en mantenimiento.<\/p>\n<p>Adem\u00e1s de que \u201ceso puede ser que atrase unos d\u00edas al personas\u201d, dijo.<\/p>\n<p>Expres\u00f3 que el Comit\u00e9 de Sanidad Vegetal est\u00e1 integrado por 44 personas, quienes atienen los proyectos de servicio fitosanitario.<\/p>\n<p>Adem\u00e1s del\u00a0manejo fitosanitario en apoyo a la producci\u00f3n para el bienestar; campa\u00f1a de protecci\u00f3n fitosanitaria para plaga de los c\u00edtricos.<\/p>\n<p>As\u00ed como de la\u00a0campa\u00f1a de protecci\u00f3n fitosanitaria para langosta; el programa de vigilancia epidemiol\u00f3gica fitosanitaria; y el de inocuidad agr\u00edcola.<\/p>\n","protected":false},"excerpt":{"rendered":"<p>El Comit\u00e9 de Sanidad Vegetal recibi\u00f3 a finales del mes pasado el recurso federal correspondiente a 16 millones. As\u00ed como de\u00a0medio que estaban pendientes de liberar. Esto\u00a0por lo que ese mismo d\u00eda dieron por finalizado el paro laboral que iniciaron el 17 de mayo. Lo anterior lo indic\u00f3 en entrevista, Pedro L\u00f3pez S\u00e1nchez, gerente el [&hellip;]<\/p>\n","protected":false},"author":1,"featured_media":16519,"comment_status":"open","ping_status":"closed","sticky":false,"template":"","format":"standard","meta":{"footnotes":""},"categories":[10],"tags":[],"class_list":["post-16517","post","type-post","status-publish","format-standard","has-post-thumbnail","hentry","category-quintana-roo"],"_links":{"self":[{"href":"https:\/\/podernacional.com\/index.php?rest_route=\/wp\/v2\/posts\/16517","targetHints":{"allow":["GET"]}}],"collection":[{"href":"https:\/\/podernacional.com\/index.php?rest_route=\/wp\/v2\/posts"}],"about":[{"href":"https:\/\/podernacional.com\/index.php?rest_route=\/wp\/v2\/types\/post"}],"author":[{"embeddable":true,"href":"https:\/\/podernacional.com\/index.php?rest_route=\/wp\/v2\/users\/1"}],"replies":[{"embeddable":true,"href":"https:\/\/podernacional.com\/index.php?rest_route=%2Fwp%2Fv2%2Fcomments&post=16517"}],"version-history":[{"count":1,"href":"https:\/\/podernacional.com\/index.php?rest_route=\/wp\/v2\/posts\/16517\/revisions"}],"predecessor-version":[{"id":16518,"href":"https:\/\/podernacional.com\/index.php?rest_route=\/wp\/v2\/posts\/16517\/revisions\/16518"}],"wp:featuredmedia":[{"embeddable":true,"href":"https:\/\/podernacional.com\/index.php?rest_route=\/wp\/v2\/media\/16519"}],"wp:attachment":[{"href":"https:\/\/podernacional.com\/index.php?rest_route=%2Fwp%2Fv2%2Fmedia&parent=16517"}],"wp:term":[{"taxonomy":"category","embeddable":true,"href":"https:\/\/podernacional.com\/index.php?rest_route=%2Fwp%2Fv2%2Fcategories&post=16517"},{"taxonomy":"post_tag","embeddable":true,"href":"https:\/\/podernacional.com\/index.php?rest_route=%2Fwp%2Fv2%2Ftags&post=16517"}],"curies":[{"name":"wp","href":"https:\/\/api.w.org\/{rel}","templated":true}]}}