{"id":16520,"date":"2023-06-09T15:19:40","date_gmt":"2023-06-09T20:19:40","guid":{"rendered":"https:\/\/podernacional.com\/?p=16520"},"modified":"2023-06-09T20:19:42","modified_gmt":"2023-06-09T20:19:42","slug":"quintana-roo-destaca-en-actividad-industrial","status":"publish","type":"post","link":"https:\/\/podernacional.com\/?p=16520","title":{"rendered":"Quintana Roo destaca en actividad industrial"},"content":{"rendered":"<h4>El sector de la construcci\u00f3n en el estado subi\u00f3 un 46% con respecto al periodo anterior.<\/h4>\n<p>Quintana Roo cumpli\u00f3 un a\u00f1o reportando el mayor crecimiento anual del sector industrial.<\/p>\n<p>Esto\u00a0seg\u00fan las estad\u00edsticas del Instituto Nacional de Estad\u00edstica y Geograf\u00eda (INEGI) m\u00e1s recientes, correspondientes al primer bimestre de este a\u00f1o.<\/p>\n<p>El Indicador Mensual de la Actividad Industrial por Entidad Federativa report\u00f3 que en los primeros dos meses de este a\u00f1o.<\/p>\n<p>Esto en el Caribe Mexicano tuvo un crecimiento medio de 21%, superando la media nacional de 4.2%.<\/p>\n<p>De hecho, nueve estados del pa\u00eds reportaron n\u00fameros negativos en esta variable, y otras 10 se quedaron estancadas.<\/p>\n<p>Sin embargo, la entidad no le fue nada bien en la mayor\u00eda de las variables analizadas.<\/p>\n<p>Por ejemplo, en la miner\u00eda lleg\u00f3 a reportar una ca\u00edda del 98% con respecto al mes anterior.<\/p>\n<p>As\u00ed como de\u00a0mientras que en la generaci\u00f3n de energ\u00eda se coloc\u00f3 en la posici\u00f3n 17.<\/p>\n<h4>Adem\u00e1s\u00a0con un repunte mensual de 2.5%, casi la mitad que el promedio nacional.<\/h4>\n<p>Pero en cuanto al sector de la construcci\u00f3n, \u00e9ste subi\u00f3 un 46% con respecto al periodo anterior, cumpliendo ya 12 meses liderando este \u00edndice.<\/p>\n<p>Esto fue gracias en gran medida a los megaproyectos de obra p\u00fablica que se est\u00e1n llevando a cabo en el Caribe Mexicano.<\/p>\n<p>As\u00ed\u00a0como el puente de la Laguna Nichupt\u00e9, el Tren Maya, etc., as\u00ed como a la recuperaci\u00f3n del sector inmobiliario.<\/p>\n<p>Esto\u00a0principalmente aquellos dedicados a la construcci\u00f3n de grandes fraccionamientos.<\/p>\n<p>Otros estados donde tambi\u00e9n se est\u00e1 llevando a cabo el proyecto presidencial del Tren Maya.<\/p>\n<p>El cual\u00a0se encuentran lejos de Quintana Roo en el \u00edndice de variaciones, como Yucat\u00e1n.<\/p>\n<p>Adem\u00e1s de que report\u00f3 un aumento del 25.7%, ocupando la posici\u00f3n n\u00famero nueve.<\/p>\n<p>Mientras que Chiapas y Campeche se encuentran en la quinta y sexta posici\u00f3n.<\/p>\n<p>En cuanto a la industria manufacturera, \u00e9sta lleg\u00f3 al 6.5%, la quinta variaci\u00f3n m\u00e1s alta del pa\u00eds.<\/p>\n","protected":false},"excerpt":{"rendered":"<p>El sector de la construcci\u00f3n en el estado subi\u00f3 un 46% con respecto al periodo anterior. Quintana Roo cumpli\u00f3 un a\u00f1o reportando el mayor crecimiento anual del sector industrial. Esto\u00a0seg\u00fan las estad\u00edsticas del Instituto Nacional de Estad\u00edstica y Geograf\u00eda (INEGI) m\u00e1s recientes, correspondientes al primer bimestre de este a\u00f1o. El Indicador Mensual de la Actividad [&hellip;]<\/p>\n","protected":false},"author":1,"featured_media":16522,"comment_status":"open","ping_status":"closed","sticky":false,"template":"","format":"standard","meta":{"footnotes":""},"categories":[10],"tags":[],"class_list":["post-16520","post","type-post","status-publish","format-standard","has-post-thumbnail","hentry","category-quintana-roo"],"_links":{"self":[{"href":"https:\/\/podernacional.com\/index.php?rest_route=\/wp\/v2\/posts\/16520","targetHints":{"allow":["GET"]}}],"collection":[{"href":"https:\/\/podernacional.com\/index.php?rest_route=\/wp\/v2\/posts"}],"about":[{"href":"https:\/\/podernacional.com\/index.php?rest_route=\/wp\/v2\/types\/post"}],"author":[{"embeddable":true,"href":"https:\/\/podernacional.com\/index.php?rest_route=\/wp\/v2\/users\/1"}],"replies":[{"embeddable":true,"href":"https:\/\/podernacional.com\/index.php?rest_route=%2Fwp%2Fv2%2Fcomments&post=16520"}],"version-history":[{"count":1,"href":"https:\/\/podernacional.com\/index.php?rest_route=\/wp\/v2\/posts\/16520\/revisions"}],"predecessor-version":[{"id":16521,"href":"https:\/\/podernacional.com\/index.php?rest_route=\/wp\/v2\/posts\/16520\/revisions\/16521"}],"wp:featuredmedia":[{"embeddable":true,"href":"https:\/\/podernacional.com\/index.php?rest_route=\/wp\/v2\/media\/16522"}],"wp:attachment":[{"href":"https:\/\/podernacional.com\/index.php?rest_route=%2Fwp%2Fv2%2Fmedia&parent=16520"}],"wp:term":[{"taxonomy":"category","embeddable":true,"href":"https:\/\/podernacional.com\/index.php?rest_route=%2Fwp%2Fv2%2Fcategories&post=16520"},{"taxonomy":"post_tag","embeddable":true,"href":"https:\/\/podernacional.com\/index.php?rest_route=%2Fwp%2Fv2%2Ftags&post=16520"}],"curies":[{"name":"wp","href":"https:\/\/api.w.org\/{rel}","templated":true}]}}