{"id":16523,"date":"2023-06-09T15:46:25","date_gmt":"2023-06-09T20:46:25","guid":{"rendered":"https:\/\/podernacional.com\/?p=16523"},"modified":"2023-06-09T20:46:27","modified_gmt":"2023-06-09T20:46:27","slug":"quintana-roo-protegera-los-productos-hechos-en-quintana-roo","status":"publish","type":"post","link":"https:\/\/podernacional.com\/?p=16523","title":{"rendered":"Quintana Roo proteger\u00e1 los productos hechos en Quintana Roo"},"content":{"rendered":"<h4>La gobernadora Mara Lezama firm\u00f3 con IMPI e INAES convenios que permitir\u00e1n capacitar a cooperativas, cooperativas de ahorro.<\/h4>\n<p>As\u00ed como de\u00a0pr\u00e9stamo, ejidos, sociedades de producci\u00f3n rural, para proteger sus creaciones y hacer crecer m\u00e1s r\u00e1pido la econom\u00eda social.<\/p>\n<p>La gobernadora Mara Lezama Espinosa firm\u00f3 acuerdos con el Instituto Mexicano de la Propiedad Industrial (IMPI).<\/p>\n<p>Adem\u00e1s del Instituto Nacional de la Econom\u00eda Social (INAES) que permitir\u00e1n dinamizar y dar mayor impulso a la econom\u00eda social de Quintana Roo.<\/p>\n<p>Adem\u00e1s se proteger\u00e1n las artesan\u00edas y productos hechos por manos quintanarroenses.<\/p>\n<p>A trav\u00e9s del Nuevo Acuerdo por el Bienestar y Desarrollo de Quintana Roo se fortalecen las alianzas.<\/p>\n<p>El cual\u00a0que permitir\u00e1n seguir haciendo justicia social, transformando la calidad de vida de las y los quintanarroenses.<\/p>\n<p>Adem\u00e1s de estar\u00a0llevando desarrollo sustentable con prosperidad compartida a todos los rincones del estado.<\/p>\n<p>Durante el evento, realizado en el teatro del Centro Cultural Universitario de la Universidad Aut\u00f3noma de Quintana Roo.<\/p>\n<p>Por ende\u00a0Mara Lezama destac\u00f3 que adem\u00e1s de sumarse al Nuevo Acuerdo, ambos convenios ayudar\u00e1n a capacitar a servidores p\u00fablicos.<\/p>\n<p>As\u00ed como de\u00a0cooperativas, cooperativas de ahorro y pr\u00e9stamo, ejidos, sociedades de producci\u00f3n rural, para proteger sus creaciones.<\/p>\n<h4>Adem\u00e1s de hacer crecer m\u00e1s r\u00e1pido la econom\u00eda social.<\/h4>\n<p>\u201cPor ello, dijo Mara Lezama, creamos el Instituto de Econom\u00eda Social y Solidaria del Estado de Quintana Roo\u201d.<\/p>\n<p>\u201cEl cual es\u00a0para avanzar r\u00e1pidamente y dejar de lado al modelo econ\u00f3mico agotado, pero que gener\u00f3 desigualdad, marginaci\u00f3n y una enorme corrupci\u00f3n\u201d, dijo.<\/p>\n<p>La primera mujer gobernadora del estado destac\u00f3 que estos convenios de colaboraci\u00f3n ayudar\u00e1n a las personas.<\/p>\n<p>El cual es\u00a0a aprovechar el desarrollo econ\u00f3mico que traer\u00e1 el Tren Maya, el aeropuerto internacional \u201cFelipe Carrillo Puerto\u201d.<\/p>\n<p>Adem\u00e1s de toda la inversi\u00f3n hist\u00f3rica que el Gobierno de M\u00e9xico hace en Quintana Roo.<\/p>\n<p>La secretaria de Desarrollo Econ\u00f3mico (SEDE), Karla Almanza, dijo que las firmas de convenios tienen como objetivo ampliar las capacidades.<\/p>\n<p>Adem\u00e1s de\u00a0ofrecer acceso a la capacitaci\u00f3n, financiamiento, est\u00edmulos fiscales y vinculaci\u00f3n comercial a emprendedores.<\/p>\n<p>As\u00ed como de\u00a0estudiantes, productores, artesanos, acad\u00e9micos y empresarios para el fortalecimiento de sus empresas.<\/p>\n<p>Destac\u00f3 el papel fundamental que desempe\u00f1an las mujeres en nuestra econom\u00eda, pues el 42.8 por ciento de las MIPyMEs de Quintana Roo.<\/p>\n<p>El cual son lideradas por mujeres \u201cy con todas las ayudas y todas las estrategias que usted encabeza Gobernadora, ese porcentaje va a crecer\u201d.<\/p>\n<p>Firmaron los acuerdos el director general del IMPI Jos\u00e9 S\u00e1nchez P\u00e9rez, el director general del INAES Juan Manuel Mart\u00ednez Louvier.<\/p>\n<p>Esto con la presencia de la presidenta Yensunni Mart\u00ednez Hern\u00e1ndez, la secretaria Karla Almanza, y beneficiarios que recibieron los primeros T\u00edtulos de Registro de Marca.<\/p>\n","protected":false},"excerpt":{"rendered":"<p>La gobernadora Mara Lezama firm\u00f3 con IMPI e INAES convenios que permitir\u00e1n capacitar a cooperativas, cooperativas de ahorro. As\u00ed como de\u00a0pr\u00e9stamo, ejidos, sociedades de producci\u00f3n rural, para proteger sus creaciones y hacer crecer m\u00e1s r\u00e1pido la econom\u00eda social. La gobernadora Mara Lezama Espinosa firm\u00f3 acuerdos con el Instituto Mexicano de la Propiedad Industrial (IMPI). Adem\u00e1s [&hellip;]<\/p>\n","protected":false},"author":1,"featured_media":16525,"comment_status":"open","ping_status":"closed","sticky":false,"template":"","format":"standard","meta":{"footnotes":""},"categories":[10],"tags":[],"class_list":["post-16523","post","type-post","status-publish","format-standard","has-post-thumbnail","hentry","category-quintana-roo"],"_links":{"self":[{"href":"https:\/\/podernacional.com\/index.php?rest_route=\/wp\/v2\/posts\/16523","targetHints":{"allow":["GET"]}}],"collection":[{"href":"https:\/\/podernacional.com\/index.php?rest_route=\/wp\/v2\/posts"}],"about":[{"href":"https:\/\/podernacional.com\/index.php?rest_route=\/wp\/v2\/types\/post"}],"author":[{"embeddable":true,"href":"https:\/\/podernacional.com\/index.php?rest_route=\/wp\/v2\/users\/1"}],"replies":[{"embeddable":true,"href":"https:\/\/podernacional.com\/index.php?rest_route=%2Fwp%2Fv2%2Fcomments&post=16523"}],"version-history":[{"count":1,"href":"https:\/\/podernacional.com\/index.php?rest_route=\/wp\/v2\/posts\/16523\/revisions"}],"predecessor-version":[{"id":16524,"href":"https:\/\/podernacional.com\/index.php?rest_route=\/wp\/v2\/posts\/16523\/revisions\/16524"}],"wp:featuredmedia":[{"embeddable":true,"href":"https:\/\/podernacional.com\/index.php?rest_route=\/wp\/v2\/media\/16525"}],"wp:attachment":[{"href":"https:\/\/podernacional.com\/index.php?rest_route=%2Fwp%2Fv2%2Fmedia&parent=16523"}],"wp:term":[{"taxonomy":"category","embeddable":true,"href":"https:\/\/podernacional.com\/index.php?rest_route=%2Fwp%2Fv2%2Fcategories&post=16523"},{"taxonomy":"post_tag","embeddable":true,"href":"https:\/\/podernacional.com\/index.php?rest_route=%2Fwp%2Fv2%2Ftags&post=16523"}],"curies":[{"name":"wp","href":"https:\/\/api.w.org\/{rel}","templated":true}]}}