{"id":16526,"date":"2023-06-09T15:48:13","date_gmt":"2023-06-09T20:48:13","guid":{"rendered":"https:\/\/podernacional.com\/?p=16526"},"modified":"2023-06-09T20:48:15","modified_gmt":"2023-06-09T20:48:15","slug":"quintana-roo-se-suma-a-la-jornada-extraordinaria-escolar-contra-las-adicciones","status":"publish","type":"post","link":"https:\/\/podernacional.com\/?p=16526","title":{"rendered":"Quintana Roo se suma a la jornada extraordinaria escolar contra las adicciones"},"content":{"rendered":"<h4>La entidad se sumar\u00e1 a la jornada extraordinaria el pr\u00f3ximo 17 de junio en las escuelas con ello sumarse al programa contra las adiciones.<\/h4>\n<p>El pr\u00f3ximo 17 de junio, Quintana Roo se sumar\u00e1 a la estrategia nacional impulsada por la Secretar\u00eda de Educaci\u00f3n Federal.<\/p>\n<p>Esto\u00a0en colaboraci\u00f3n con la Secretar\u00eda de Salud y la Prevenci\u00f3n contra las adicciones.<\/p>\n<p>Esta iniciativa tiene como objetivo principal brindar educaci\u00f3n integral a los estudiantes de secundaria y nivel medio superior.<\/p>\n<p>En lo que respecta al consumo de drogas y adicciones.<\/p>\n<p>As\u00ed lo dio a conocer Carlos Gorocica Moreno, secretario de educaci\u00f3n en el estado.<\/p>\n<p>Adem\u00e1s de quien destac\u00f3 la importancia de abordar estos temas de manera preventiva y brindar a los j\u00f3venes las herramientas necesarias.<\/p>\n<p>Esto\u00a0para tomar decisiones informadas y responsables.<\/p>\n<p>Durante el evento que se llevar\u00e1 a cabo en Chetumal, se realizar\u00e1n diversas actividades y talleres que abordar\u00e1n temas relacionados.<\/p>\n<p>Con la prevenci\u00f3n de adicciones, la difusi\u00f3n de estilos de vida saludables y la informaci\u00f3n sobre los riesgos asociados al consumo de sustancias da\u00f1inas.<\/p>\n<p>Las autoridades se\u00f1alan que la participaci\u00f3n activa de los docentes, padres de familia y la sociedad de Quintana Roo.<\/p>\n<p>Esto\u00a0en general ser\u00e1 fundamental para el \u00e9xito de esta estrategia, ya que juntos se puede construir un entorno seguro.<\/p>\n<p>Adem\u00e1s de ser\u00a0saludable para las generaciones futuras.<\/p>\n","protected":false},"excerpt":{"rendered":"<p>La entidad se sumar\u00e1 a la jornada extraordinaria el pr\u00f3ximo 17 de junio en las escuelas con ello sumarse al programa contra las adiciones. El pr\u00f3ximo 17 de junio, Quintana Roo se sumar\u00e1 a la estrategia nacional impulsada por la Secretar\u00eda de Educaci\u00f3n Federal. Esto\u00a0en colaboraci\u00f3n con la Secretar\u00eda de Salud y la Prevenci\u00f3n contra [&hellip;]<\/p>\n","protected":false},"author":1,"featured_media":16528,"comment_status":"open","ping_status":"closed","sticky":false,"template":"","format":"standard","meta":{"footnotes":""},"categories":[10],"tags":[],"class_list":["post-16526","post","type-post","status-publish","format-standard","has-post-thumbnail","hentry","category-quintana-roo"],"_links":{"self":[{"href":"https:\/\/podernacional.com\/index.php?rest_route=\/wp\/v2\/posts\/16526","targetHints":{"allow":["GET"]}}],"collection":[{"href":"https:\/\/podernacional.com\/index.php?rest_route=\/wp\/v2\/posts"}],"about":[{"href":"https:\/\/podernacional.com\/index.php?rest_route=\/wp\/v2\/types\/post"}],"author":[{"embeddable":true,"href":"https:\/\/podernacional.com\/index.php?rest_route=\/wp\/v2\/users\/1"}],"replies":[{"embeddable":true,"href":"https:\/\/podernacional.com\/index.php?rest_route=%2Fwp%2Fv2%2Fcomments&post=16526"}],"version-history":[{"count":1,"href":"https:\/\/podernacional.com\/index.php?rest_route=\/wp\/v2\/posts\/16526\/revisions"}],"predecessor-version":[{"id":16527,"href":"https:\/\/podernacional.com\/index.php?rest_route=\/wp\/v2\/posts\/16526\/revisions\/16527"}],"wp:featuredmedia":[{"embeddable":true,"href":"https:\/\/podernacional.com\/index.php?rest_route=\/wp\/v2\/media\/16528"}],"wp:attachment":[{"href":"https:\/\/podernacional.com\/index.php?rest_route=%2Fwp%2Fv2%2Fmedia&parent=16526"}],"wp:term":[{"taxonomy":"category","embeddable":true,"href":"https:\/\/podernacional.com\/index.php?rest_route=%2Fwp%2Fv2%2Fcategories&post=16526"},{"taxonomy":"post_tag","embeddable":true,"href":"https:\/\/podernacional.com\/index.php?rest_route=%2Fwp%2Fv2%2Ftags&post=16526"}],"curies":[{"name":"wp","href":"https:\/\/api.w.org\/{rel}","templated":true}]}}