{"id":16529,"date":"2023-06-09T15:50:29","date_gmt":"2023-06-09T20:50:29","guid":{"rendered":"https:\/\/podernacional.com\/?p=16529"},"modified":"2023-06-09T20:50:32","modified_gmt":"2023-06-09T20:50:32","slug":"abrira-zona-arqueologica-de-ichkabal-en-2024-inah","status":"publish","type":"post","link":"https:\/\/podernacional.com\/?p=16529","title":{"rendered":"Abrir\u00e1 zona arqueol\u00f3gica de Ichkabal en 2024: INAH"},"content":{"rendered":"<h4>El director general del Instituto Nacional de Antropolog\u00eda e Historia (INAH).<\/h4>\n<p>Por ende, Diego Prieto, inform\u00f3 que ser\u00e1 hasta 2024 cuando se dar\u00e1 apertura a la zona arqueol\u00f3gica de Ichkabal.<\/p>\n<p>El cual estar\u00e1 ubicada en el sur de Quintana Roo.<\/p>\n<p>En entrevista, detall\u00f3 que se tiene la instrucci\u00f3n presidencial de abrir esa zona arqueol\u00f3gica para el mes de agosto de 2024,.<\/p>\n<p>Esto por lo que se est\u00e1 trabajando con los ejidatarios para llegar a un acuerdo.<\/p>\n<p>\u201cVamos a trabajar de la mano con los ejidatarios para que nos ayuden y obtengan beneficios y aprovechamientos\u201d.<\/p>\n<p>\u201cAdem\u00e1s de que\u00a0lo m\u00e1s probable es que acordemos una adquisici\u00f3n de expropiaci\u00f3n convenida con ellos\u201d, dijo el titular del INAH.<\/p>\n<p>Diego Prieto puntualiz\u00f3 que las ruinas de Chakanbak\u00e1n no est\u00e1n contempladas para trabajarse en lo que va de este 2023.<\/p>\n<p>As\u00ed como por lo que tocar\u00e1 esperar al presupuesto de 2024, para saber si se destinar\u00e1n recursos para ese sitio arqueol\u00f3gico.<\/p>\n","protected":false},"excerpt":{"rendered":"<p>El director general del Instituto Nacional de Antropolog\u00eda e Historia (INAH). Por ende, Diego Prieto, inform\u00f3 que ser\u00e1 hasta 2024 cuando se dar\u00e1 apertura a la zona arqueol\u00f3gica de Ichkabal. El cual estar\u00e1 ubicada en el sur de Quintana Roo. En entrevista, detall\u00f3 que se tiene la instrucci\u00f3n presidencial de abrir esa zona arqueol\u00f3gica para [&hellip;]<\/p>\n","protected":false},"author":1,"featured_media":16531,"comment_status":"open","ping_status":"closed","sticky":false,"template":"","format":"standard","meta":{"footnotes":""},"categories":[10],"tags":[],"class_list":["post-16529","post","type-post","status-publish","format-standard","has-post-thumbnail","hentry","category-quintana-roo"],"_links":{"self":[{"href":"https:\/\/podernacional.com\/index.php?rest_route=\/wp\/v2\/posts\/16529","targetHints":{"allow":["GET"]}}],"collection":[{"href":"https:\/\/podernacional.com\/index.php?rest_route=\/wp\/v2\/posts"}],"about":[{"href":"https:\/\/podernacional.com\/index.php?rest_route=\/wp\/v2\/types\/post"}],"author":[{"embeddable":true,"href":"https:\/\/podernacional.com\/index.php?rest_route=\/wp\/v2\/users\/1"}],"replies":[{"embeddable":true,"href":"https:\/\/podernacional.com\/index.php?rest_route=%2Fwp%2Fv2%2Fcomments&post=16529"}],"version-history":[{"count":1,"href":"https:\/\/podernacional.com\/index.php?rest_route=\/wp\/v2\/posts\/16529\/revisions"}],"predecessor-version":[{"id":16530,"href":"https:\/\/podernacional.com\/index.php?rest_route=\/wp\/v2\/posts\/16529\/revisions\/16530"}],"wp:featuredmedia":[{"embeddable":true,"href":"https:\/\/podernacional.com\/index.php?rest_route=\/wp\/v2\/media\/16531"}],"wp:attachment":[{"href":"https:\/\/podernacional.com\/index.php?rest_route=%2Fwp%2Fv2%2Fmedia&parent=16529"}],"wp:term":[{"taxonomy":"category","embeddable":true,"href":"https:\/\/podernacional.com\/index.php?rest_route=%2Fwp%2Fv2%2Fcategories&post=16529"},{"taxonomy":"post_tag","embeddable":true,"href":"https:\/\/podernacional.com\/index.php?rest_route=%2Fwp%2Fv2%2Ftags&post=16529"}],"curies":[{"name":"wp","href":"https:\/\/api.w.org\/{rel}","templated":true}]}}