{"id":16541,"date":"2023-06-10T12:56:06","date_gmt":"2023-06-10T17:56:06","guid":{"rendered":"https:\/\/podernacional.com\/?p=16541"},"modified":"2023-06-10T17:56:08","modified_gmt":"2023-06-10T17:56:08","slug":"anunciada-la-21a-edicion-del-festival-internacional-de-cine-de-morelia","status":"publish","type":"post","link":"https:\/\/podernacional.com\/?p=16541","title":{"rendered":"Anunciada la 21\u00aa edici\u00f3n del Festival Internacional de Cine de Morelia"},"content":{"rendered":"<h4>Revelada la imagen oficial del Festival creada por Rodrigo Toledo-Crow.<\/h4>\n<p>Considerado como uno de los festivales m\u00e1s importantes del cine en Latinoam\u00e9rica.<\/p>\n<p>Adem\u00e1s del Festival Internacional de Cine de Morelia present\u00f3 lo que ser\u00e1 su 21\u00aa edici\u00f3n.<\/p>\n<p>Morelia ser\u00e1 nuevamente el centro del cine de M\u00e9xico con la realizaci\u00f3n del vig\u00e9simo primer Festival Internacional de Cine.<\/p>\n<p>El cual\u00a0que se estar\u00e1 realizando del 20 a 29 de octubre.<\/p>\n<p>Como parte del anuncio se present\u00f3 la imagen oficial para el Festival de este 2023.<\/p>\n<p>Adem\u00e1s de estar siendo esta una obra creada por el dise\u00f1ador y artista visual Rodrigo Toledo-Crow.<\/p>\n<p>La imagen oficial del Festival toma como inspiraci\u00f3n las artesan\u00edas michoacanas que se producen en las regiones centrales.<\/p>\n<p>Al igual que el\u00a0lacustre de Michoac\u00e1n, particularmente de Capula.<\/p>\n<p>En su dise\u00f1o, la imagen presenta las dos t\u00e9cnicas art\u00edsticas que predominan dentro de la regi\u00f3n de Capula como es el capulineado y el punteado.<\/p>\n<h4>\u201cLa propuesta que estoy haciendo es una \u2018reducci\u00f3n\u2019 personal inspirada en este tipo de artesan\u00eda.<\/h4>\n<p>Descrito sencillamente: un pez \u2014dibujado con la t\u00e9cnica de punteado\u2014.<\/p>\n<p>Adem\u00e1s de que va nadando tranquilamente\u00a0en el agua echando burbujas por la boca que semejan carretes de cine.<\/p>\n<p>Al igual de que\u00a0los cuales son el dibujo b\u00e1sico del patr\u00f3n del capulineado\u201d, coment\u00f3 Toledo-Crow.<\/p>\n<p>Sobre la elecci\u00f3n de los elementos para la imagen, el artista destac\u00f3 que la presencia del pez se debe al origen de la palabra Michoac\u00e1n.<\/p>\n<p>Esto\u00a0en el n\u00e1huatl michihuac\u00e1n que significa \u201clugar de pescadores\u201d o \u201clugar donde abundan los peces\u201d.<\/p>\n<p>El Festival Internacional de Cine de Morelia, en su edici\u00f3n 2023, contar\u00e1 con funciones presenciales en Morelia.<\/p>\n<p>As\u00ed como\u00a0con funciones virtuales por Canal 22 y FilminLatino.<\/p>\n","protected":false},"excerpt":{"rendered":"<p>Revelada la imagen oficial del Festival creada por Rodrigo Toledo-Crow. Considerado como uno de los festivales m\u00e1s importantes del cine en Latinoam\u00e9rica. Adem\u00e1s del Festival Internacional de Cine de Morelia present\u00f3 lo que ser\u00e1 su 21\u00aa edici\u00f3n. Morelia ser\u00e1 nuevamente el centro del cine de M\u00e9xico con la realizaci\u00f3n del vig\u00e9simo primer Festival Internacional de [&hellip;]<\/p>\n","protected":false},"author":1,"featured_media":16543,"comment_status":"open","ping_status":"closed","sticky":false,"template":"","format":"standard","meta":{"footnotes":""},"categories":[2],"tags":[],"class_list":["post-16541","post","type-post","status-publish","format-standard","has-post-thumbnail","hentry","category-cultural"],"_links":{"self":[{"href":"https:\/\/podernacional.com\/index.php?rest_route=\/wp\/v2\/posts\/16541","targetHints":{"allow":["GET"]}}],"collection":[{"href":"https:\/\/podernacional.com\/index.php?rest_route=\/wp\/v2\/posts"}],"about":[{"href":"https:\/\/podernacional.com\/index.php?rest_route=\/wp\/v2\/types\/post"}],"author":[{"embeddable":true,"href":"https:\/\/podernacional.com\/index.php?rest_route=\/wp\/v2\/users\/1"}],"replies":[{"embeddable":true,"href":"https:\/\/podernacional.com\/index.php?rest_route=%2Fwp%2Fv2%2Fcomments&post=16541"}],"version-history":[{"count":1,"href":"https:\/\/podernacional.com\/index.php?rest_route=\/wp\/v2\/posts\/16541\/revisions"}],"predecessor-version":[{"id":16542,"href":"https:\/\/podernacional.com\/index.php?rest_route=\/wp\/v2\/posts\/16541\/revisions\/16542"}],"wp:featuredmedia":[{"embeddable":true,"href":"https:\/\/podernacional.com\/index.php?rest_route=\/wp\/v2\/media\/16543"}],"wp:attachment":[{"href":"https:\/\/podernacional.com\/index.php?rest_route=%2Fwp%2Fv2%2Fmedia&parent=16541"}],"wp:term":[{"taxonomy":"category","embeddable":true,"href":"https:\/\/podernacional.com\/index.php?rest_route=%2Fwp%2Fv2%2Fcategories&post=16541"},{"taxonomy":"post_tag","embeddable":true,"href":"https:\/\/podernacional.com\/index.php?rest_route=%2Fwp%2Fv2%2Ftags&post=16541"}],"curies":[{"name":"wp","href":"https:\/\/api.w.org\/{rel}","templated":true}]}}