{"id":16550,"date":"2023-06-10T13:04:13","date_gmt":"2023-06-10T18:04:13","guid":{"rendered":"https:\/\/podernacional.com\/?p=16550"},"modified":"2023-06-10T18:04:14","modified_gmt":"2023-06-10T18:04:14","slug":"gobernadora-de-quintana-roo-mara-lezama-respalda-a-claudia-sheinbaum-unidas-para-transformar","status":"publish","type":"post","link":"https:\/\/podernacional.com\/?p=16550","title":{"rendered":"GOBERNADORA DE QUINTANA ROO, MARA LEZAMA, RESPALDA A CLAUDIA SHEINBAUM: \u00a1UNIDAS PARA TRANSFORMAR!"},"content":{"rendered":"<h4>La gobernadora de Quintana Roo, Mara Lezama, brinda su respaldo a Claudia Sheinbaum.<\/h4>\n<p>El cual est\u00e1\u00a0destacando su liderazgo y trayectoria en la transformaci\u00f3n de M\u00e9xico<\/p>\n<p>La gobernadora de Quintana Roo, Mara Lezama, ha expresado p\u00fablicamente su apoyo a la Dra. Claudia Sheinbaum.<\/p>\n<p>Adem\u00e1s de que est\u00e1\u00a0reconociendo su papel fundamental en la transformaci\u00f3n de M\u00e9xico y destacando su liderazgo.<\/p>\n<p>As\u00ed como de su\u00a0capacidad y amor por el pueblo mexicano.<\/p>\n<p>En un mensaje dirigido a Claudia Sheinbaum, Lezama resalt\u00f3 la importancia de mencionar el nombre de Sheinbaum.<\/p>\n<p>Esto\u00a0al hablar sobre la transformaci\u00f3n de M\u00e9xico. La gobernadora enfatiz\u00f3 que Sheinbaum es una mujer capaz que representa.<\/p>\n<p>El orgullo a todas las mexicanas, demostrando que es posible gobernar con humanismo y un profundo amor por el pueblo.<\/p>\n<p>Lezama destac\u00f3 el liderazgo y la trayectoria de Sheinbaum, asegurando que su legado continuar\u00e1 haciendo historia en el pa\u00eds.<\/p>\n<h4>Este respaldo de la gobernadora de Quintana Roo se suma a la creciente corriente de apoyo hacia Sheinbaum.<\/h4>\n<p>Adem\u00e1s de\u00a0quien ha demostrado su compromiso con el servicio p\u00fablico y su capacidad para enfrentar los desaf\u00edos que M\u00e9xico enfrenta en la actualidad.<\/p>\n<p>La alianza entre Mara Lezama y Claudia Sheinbaum representa la unidad y la colaboraci\u00f3n de mujeres l\u00edderes en la b\u00fasqueda de la transformaci\u00f3n del pa\u00eds.<\/p>\n<p>Ambas pol\u00edticas comparten su visi\u00f3n de un M\u00e9xico m\u00e1s justo y equitativo, y se unen en el objetivo de trabajar juntas.<\/p>\n<p>Esto\u00a0para lograr esa transformaci\u00f3n en cada paso que den.<\/p>\n<p>Este respaldo de la gobernadora de Quintana Roo destaca el reconocimiento a la figura de Claudia Sheinbaum .<\/p>\n<p>As\u00ed como una l\u00edder destacada en la pol\u00edtica mexicana. Adem\u00e1s, resalta la importancia de la unidad entre las mujeres.<\/p>\n<p>Las cuales son\u00a0para impulsar los cambios necesarios en beneficio de la sociedad.<\/p>\n","protected":false},"excerpt":{"rendered":"<p>La gobernadora de Quintana Roo, Mara Lezama, brinda su respaldo a Claudia Sheinbaum. El cual est\u00e1\u00a0destacando su liderazgo y trayectoria en la transformaci\u00f3n de M\u00e9xico La gobernadora de Quintana Roo, Mara Lezama, ha expresado p\u00fablicamente su apoyo a la Dra. Claudia Sheinbaum. Adem\u00e1s de que est\u00e1\u00a0reconociendo su papel fundamental en la transformaci\u00f3n de M\u00e9xico y [&hellip;]<\/p>\n","protected":false},"author":1,"featured_media":16552,"comment_status":"open","ping_status":"closed","sticky":false,"template":"","format":"standard","meta":{"footnotes":""},"categories":[10],"tags":[],"class_list":["post-16550","post","type-post","status-publish","format-standard","has-post-thumbnail","hentry","category-quintana-roo"],"_links":{"self":[{"href":"https:\/\/podernacional.com\/index.php?rest_route=\/wp\/v2\/posts\/16550","targetHints":{"allow":["GET"]}}],"collection":[{"href":"https:\/\/podernacional.com\/index.php?rest_route=\/wp\/v2\/posts"}],"about":[{"href":"https:\/\/podernacional.com\/index.php?rest_route=\/wp\/v2\/types\/post"}],"author":[{"embeddable":true,"href":"https:\/\/podernacional.com\/index.php?rest_route=\/wp\/v2\/users\/1"}],"replies":[{"embeddable":true,"href":"https:\/\/podernacional.com\/index.php?rest_route=%2Fwp%2Fv2%2Fcomments&post=16550"}],"version-history":[{"count":1,"href":"https:\/\/podernacional.com\/index.php?rest_route=\/wp\/v2\/posts\/16550\/revisions"}],"predecessor-version":[{"id":16551,"href":"https:\/\/podernacional.com\/index.php?rest_route=\/wp\/v2\/posts\/16550\/revisions\/16551"}],"wp:featuredmedia":[{"embeddable":true,"href":"https:\/\/podernacional.com\/index.php?rest_route=\/wp\/v2\/media\/16552"}],"wp:attachment":[{"href":"https:\/\/podernacional.com\/index.php?rest_route=%2Fwp%2Fv2%2Fmedia&parent=16550"}],"wp:term":[{"taxonomy":"category","embeddable":true,"href":"https:\/\/podernacional.com\/index.php?rest_route=%2Fwp%2Fv2%2Fcategories&post=16550"},{"taxonomy":"post_tag","embeddable":true,"href":"https:\/\/podernacional.com\/index.php?rest_route=%2Fwp%2Fv2%2Ftags&post=16550"}],"curies":[{"name":"wp","href":"https:\/\/api.w.org\/{rel}","templated":true}]}}