{"id":16556,"date":"2023-06-10T13:09:45","date_gmt":"2023-06-10T18:09:45","guid":{"rendered":"https:\/\/podernacional.com\/?p=16556"},"modified":"2023-06-10T18:09:47","modified_gmt":"2023-06-10T18:09:47","slug":"realizan-operativo-en-san-jose-el-alto-para-evitar-comercio-no-autorizado","status":"publish","type":"post","link":"https:\/\/podernacional.com\/?p=16556","title":{"rendered":"Realizan operativo en San Jos\u00e9 el Alto para evitar comercio no autorizado"},"content":{"rendered":"<h3>Durante el operativo atendieron peticiones de tianguistas, locatarios y habitantes de la zona<\/h3>\n<p>En respuesta a solicitudes de tianguistas, locatarios y vecinos de la zona, la Secretar\u00eda General de Gobierno.<\/p>\n<p>Esto a trav\u00e9s de la Direcci\u00f3n de Inspecci\u00f3n de Comercio y el apoyo de elementos de la Guardia Municipal.<\/p>\n<p>Adem\u00e1s de que\u00a0realiz\u00f3 un operativo en las calles de Quintana Roo y Av. Quer\u00e9taro en la colonia San Jos\u00e9 el Alto.<\/p>\n<p>Esto con el objetivo de recuperar vialidades y las \u00e1reas de convivencia social.<\/p>\n<p>As\u00ed como prevenir el comercio no autorizado que genera competencia desleal para el comercio regulado, e inconvenientes a los residentes.<\/p>\n<h4>Desde las 7 de la ma\u00f1ana de este s\u00e1bado, los elementos de las dependencias mencionadas se desplegaron en la zona.<\/h4>\n<p>Esto para inhibir la colocaci\u00f3n de alrededor de 70 personas que intentaban establecer puestos ambulantes.<\/p>\n<p>Adem\u00e1s de\u00a0aparcar veh\u00edculos para vender productos sin contar con los permisos correspondientes.<\/p>\n<p>El operativo se desarroll\u00f3 sin dificultades ni decomisos, pues se atendi\u00f3 tanto la solicitud de los ciudadanos.<\/p>\n<p>Adem\u00e1s de que\u00a0se dialog\u00f3 con las personas que intentaban establecerse en el \u00e1rea.<\/p>\n<p>El cual est\u00e1\u00a0record\u00e1ndoles que est\u00e1 prohibida la venta de mercanc\u00eda sin cumplir con los requerimientos de las autoridades competentes.<\/p>\n<p>Se hace \u00e9nfasis en que estos operativos continuar\u00e1n realiz\u00e1ndose de manera imprevisible y en donde se requieran.<\/p>\n<p>Esto\u00a0tal como ocurre en la Central de Abastos, con el prop\u00f3sito de asegurar entornos p\u00fablicos adecuados.<\/p>\n<p>Adem\u00e1s de\u00a0fomentar el cumplimiento de las normativas municipales en relaci\u00f3n con la actividad comercial.<\/p>\n","protected":false},"excerpt":{"rendered":"<p>Durante el operativo atendieron peticiones de tianguistas, locatarios y habitantes de la zona En respuesta a solicitudes de tianguistas, locatarios y vecinos de la zona, la Secretar\u00eda General de Gobierno. Esto a trav\u00e9s de la Direcci\u00f3n de Inspecci\u00f3n de Comercio y el apoyo de elementos de la Guardia Municipal. Adem\u00e1s de que\u00a0realiz\u00f3 un operativo en [&hellip;]<\/p>\n","protected":false},"author":1,"featured_media":16558,"comment_status":"open","ping_status":"closed","sticky":false,"template":"","format":"standard","meta":{"footnotes":""},"categories":[10],"tags":[],"class_list":["post-16556","post","type-post","status-publish","format-standard","has-post-thumbnail","hentry","category-quintana-roo"],"_links":{"self":[{"href":"https:\/\/podernacional.com\/index.php?rest_route=\/wp\/v2\/posts\/16556","targetHints":{"allow":["GET"]}}],"collection":[{"href":"https:\/\/podernacional.com\/index.php?rest_route=\/wp\/v2\/posts"}],"about":[{"href":"https:\/\/podernacional.com\/index.php?rest_route=\/wp\/v2\/types\/post"}],"author":[{"embeddable":true,"href":"https:\/\/podernacional.com\/index.php?rest_route=\/wp\/v2\/users\/1"}],"replies":[{"embeddable":true,"href":"https:\/\/podernacional.com\/index.php?rest_route=%2Fwp%2Fv2%2Fcomments&post=16556"}],"version-history":[{"count":1,"href":"https:\/\/podernacional.com\/index.php?rest_route=\/wp\/v2\/posts\/16556\/revisions"}],"predecessor-version":[{"id":16557,"href":"https:\/\/podernacional.com\/index.php?rest_route=\/wp\/v2\/posts\/16556\/revisions\/16557"}],"wp:featuredmedia":[{"embeddable":true,"href":"https:\/\/podernacional.com\/index.php?rest_route=\/wp\/v2\/media\/16558"}],"wp:attachment":[{"href":"https:\/\/podernacional.com\/index.php?rest_route=%2Fwp%2Fv2%2Fmedia&parent=16556"}],"wp:term":[{"taxonomy":"category","embeddable":true,"href":"https:\/\/podernacional.com\/index.php?rest_route=%2Fwp%2Fv2%2Fcategories&post=16556"},{"taxonomy":"post_tag","embeddable":true,"href":"https:\/\/podernacional.com\/index.php?rest_route=%2Fwp%2Fv2%2Ftags&post=16556"}],"curies":[{"name":"wp","href":"https:\/\/api.w.org\/{rel}","templated":true}]}}