{"id":16586,"date":"2023-06-12T16:11:49","date_gmt":"2023-06-12T21:11:49","guid":{"rendered":"https:\/\/podernacional.com\/?p=16586"},"modified":"2023-06-12T21:11:51","modified_gmt":"2023-06-12T21:11:51","slug":"que-te-espera-en-el-festival-del-papalote-de-teotihuacan","status":"publish","type":"post","link":"https:\/\/podernacional.com\/?p=16586","title":{"rendered":"\u00bfQu\u00e9 te espera en el Festival del Papalote de Teotihuac\u00e1n?"},"content":{"rendered":"<h4>El cielo se llenar\u00e1 de bellos colores y a tu alrededor habr\u00e1 un ambiente de alegr\u00ed.<\/h4>\n<p>Adem\u00e1s de\u00a0esto y m\u00e1s te espera en el Festival del Papalote de Teotihuac\u00e1n<\/p>\n<p>\u00a1El Festival del Papalote regresa a Teotihuac\u00e1n! Se trata de la tercera edici\u00f3n, prep\u00e1rate para ver c\u00f3mo el cielo se llena de mil colores.<\/p>\n<p>Despu\u00e9s de dos a\u00f1os de espera debido a la pandemia, este evento maravilloso vuelve para deleitar a todos los visitantes.<\/p>\n<p>Ubicado muy cerca de la zona arqueol\u00f3gica, el festival promete ofrecer un d\u00eda lleno de diversi\u00f3n y actividades emocionantes, \u00a1Incluso podr\u00e1s acampar!<\/p>\n<p>Todos los detalles del Festival del Papalote de Teotihuac\u00e1n<\/p>\n<p>El verdadero protagonista del evento ser\u00e1n los papalotes monumentales elaborados por talentosos expositores de todo el pa\u00eds.<\/p>\n<p>Desde peque\u00f1os hasta monumentales, estos papalotes hechos de papel, madera e hilo adornar\u00e1n el cielo a lo largo de todo el d\u00eda.<\/p>\n<p>Al igual que algunos estar\u00e1n inspirados en Quetzalc\u00f3atl y otros en personajes animados, a\u00f1adiendo un toque especial a la exhibici\u00f3n.<\/p>\n<h4>Adem\u00e1s de admirar los impresionantes papalotes, tendr\u00e1s la oportunidad de participar en talleres.<\/h4>\n<p>Donde podr\u00e1s elaborar tu propia cometa, experimentar con la pintura o el barro.<\/p>\n<p>La m\u00fasica en vivo en el Festival del Papalote de Teotihuac\u00e1n te acompa\u00f1ar\u00e1 durante m\u00e1s de 10 horas continuas.<\/p>\n<p>As\u00ed como con presentaciones de diferentes g\u00e9neros para todos los gustos.<\/p>\n<p>La programaci\u00f3n incluye una ceremonia prehisp\u00e1nica y una demostraci\u00f3n del juego de pelota, ofreci\u00e9ndote un espect\u00e1culo completo.<\/p>\n<p>Por la noche, mientras disfrutas del calor de las fogatas, podr\u00e1s maravillarte con una exhibici\u00f3n de globos aerost\u00e1ticos iluminados.<\/p>\n<p>Aunque no podr\u00e1s subirte a las canastillas, podr\u00e1s disfrutar de la belleza de estos globos en pleno vuelo.<\/p>\n<p>Despu\u00e9s de un d\u00eda lleno de diversi\u00f3n y fascinaci\u00f3n por los papalotes.<\/p>\n<p>Adem\u00e1s de que tendr\u00e1s la oportunidad de acampar y descansar en un espacio especialmente habilitado para ello.<\/p>\n<h4>\u00bfY qu\u00e9 pasa si te da hambre? \u00a1No te preocupes!<\/h4>\n<p>Festival del Papalote de Teotihuac\u00e1n contar\u00e1 con una zona de alimentos y bebidas para satisfacer tus antojos.<\/p>\n<p>La cita es para el s\u00e1bado 8 de julio en el Rancho Maquixco, en Avenida R\u00edo Grande 111 (Libramiento Josefa Ortiz de Dom\u00ednguez).<\/p>\n<p>Por ende en Maquixco, San Juan Teotihuac\u00e1n de Arista, Estado de M\u00e9xico.<\/p>\n<p>Se encuentra a tan solo 15 minutos de la zona arqueol\u00f3gica de Teotihuac\u00e1n.<\/p>\n<p>El evento comenzar\u00e1 el s\u00e1bado 8 de julio a las 05:00 p.m. y finalizar\u00e1 el domingo 9 a las 10:00 a.m. del d\u00eda siguiente.<\/p>\n<p>Hay diferentes opciones de entrada, dependiendo de las actividades en las que est\u00e9s interesado.<\/p>\n<p>Por ejemplo la entrada general tiene un costo de $95 pesos mexicanos por persona e incluye todas las actividades excepto el taller de papalote.<\/p>\n<p>No te pierdas esta maravillosa oportunidad de disfrutar del Festival del Papalote en Teotihuac\u00e1n<\/p>\n<p>\u00a1Ser\u00e1 un d\u00eda inolvidable lleno de colores, diversi\u00f3n y emociones!<\/p>\n","protected":false},"excerpt":{"rendered":"<p>El cielo se llenar\u00e1 de bellos colores y a tu alrededor habr\u00e1 un ambiente de alegr\u00ed. Adem\u00e1s de\u00a0esto y m\u00e1s te espera en el Festival del Papalote de Teotihuac\u00e1n \u00a1El Festival del Papalote regresa a Teotihuac\u00e1n! Se trata de la tercera edici\u00f3n, prep\u00e1rate para ver c\u00f3mo el cielo se llena de mil colores. Despu\u00e9s de [&hellip;]<\/p>\n","protected":false},"author":1,"featured_media":16588,"comment_status":"open","ping_status":"closed","sticky":false,"template":"","format":"standard","meta":{"footnotes":""},"categories":[2],"tags":[],"class_list":["post-16586","post","type-post","status-publish","format-standard","has-post-thumbnail","hentry","category-cultural"],"_links":{"self":[{"href":"https:\/\/podernacional.com\/index.php?rest_route=\/wp\/v2\/posts\/16586","targetHints":{"allow":["GET"]}}],"collection":[{"href":"https:\/\/podernacional.com\/index.php?rest_route=\/wp\/v2\/posts"}],"about":[{"href":"https:\/\/podernacional.com\/index.php?rest_route=\/wp\/v2\/types\/post"}],"author":[{"embeddable":true,"href":"https:\/\/podernacional.com\/index.php?rest_route=\/wp\/v2\/users\/1"}],"replies":[{"embeddable":true,"href":"https:\/\/podernacional.com\/index.php?rest_route=%2Fwp%2Fv2%2Fcomments&post=16586"}],"version-history":[{"count":1,"href":"https:\/\/podernacional.com\/index.php?rest_route=\/wp\/v2\/posts\/16586\/revisions"}],"predecessor-version":[{"id":16587,"href":"https:\/\/podernacional.com\/index.php?rest_route=\/wp\/v2\/posts\/16586\/revisions\/16587"}],"wp:featuredmedia":[{"embeddable":true,"href":"https:\/\/podernacional.com\/index.php?rest_route=\/wp\/v2\/media\/16588"}],"wp:attachment":[{"href":"https:\/\/podernacional.com\/index.php?rest_route=%2Fwp%2Fv2%2Fmedia&parent=16586"}],"wp:term":[{"taxonomy":"category","embeddable":true,"href":"https:\/\/podernacional.com\/index.php?rest_route=%2Fwp%2Fv2%2Fcategories&post=16586"},{"taxonomy":"post_tag","embeddable":true,"href":"https:\/\/podernacional.com\/index.php?rest_route=%2Fwp%2Fv2%2Ftags&post=16586"}],"curies":[{"name":"wp","href":"https:\/\/api.w.org\/{rel}","templated":true}]}}