{"id":16601,"date":"2023-06-12T16:19:50","date_gmt":"2023-06-12T21:19:50","guid":{"rendered":"https:\/\/podernacional.com\/?p=16601"},"modified":"2023-06-12T21:19:52","modified_gmt":"2023-06-12T21:19:52","slug":"fge-quintana-roo-logra-111-detenciones-del-5-al-11-de-junio","status":"publish","type":"post","link":"https:\/\/podernacional.com\/?p=16601","title":{"rendered":"FGE Quintana Roo logra 111 detenciones del 5 al 11 de junio"},"content":{"rendered":"<h4>Del total de las detenciones, 82 fueron en flagrancia del delito y 29 en cumplimiento de \u00f3rdenes de aprehensi\u00f3n.<\/h4>\n<p>Fiscal\u00eda General del Estado (FGE), inform\u00f3 que en colaboraci\u00f3n con el Grupo de Coordinaci\u00f3n para la Construcci\u00f3n de Paz.<\/p>\n<p>As\u00ed como de\u00a0Seguridad de Quintana Roo, se logr\u00f3 la detenci\u00f3n de 111 personas, FGE Quintana Roo logr\u00f3 111 detenciones del 5-11 de junio.<\/p>\n<p>Adem\u00e1s, se lograron 40 vinculaciones a proceso y 19 sentencias condenatorias; adem\u00e1s de siete cateos.<\/p>\n<p>Detenciones en Quintana Roo<\/p>\n<p>En cuanto a las detenciones se\u00f1al\u00f3 que 82 fueron en flagrancia del delito y 29 en cumplimiento de \u00f3rdenes de aprehensi\u00f3n.<\/p>\n<p>Entre los motivos de estas destacan:<\/p>\n<p>15 por delitos contra la salud<\/p>\n<p>13 por homicidio<\/p>\n<p>4 por violaci\u00f3n<\/p>\n<p>2 por robo<\/p>\n<p>2 por violencia familiar<\/p>\n<h4>Vinculaciones a proceso y sentencias<\/h4>\n<p>Asimismo, dio a conocer que se obtuvieron 40 vinculaciones a proceso.<\/p>\n<p>De las cuales a 27 de los indiciados se les impuso la medida cautelar de prisi\u00f3n preventiva.<\/p>\n<p>En el tema de las sentencias, \u00d3scar Montes de Oca detall\u00f3 que cinco fueron por robo, tres por homicidio.<\/p>\n<p>As\u00ed como\u00a0los delitos de lesiones, secuestro, abuso sexual y violaci\u00f3n acumulan dos cada uno.<\/p>\n<p>Adem\u00e1s de que otra sentencia fue por delitos contra la salud y una m\u00e1s por asociaci\u00f3n fraudulenta.<\/p>\n<p>FGE Quintana Roo logra 111 detenciones del 5 al 11 de junio<\/p>\n<p>Destacan las sentencias por secuestro, una con 70 a\u00f1os de prisi\u00f3n y otra con 60 a\u00f1os.<\/p>\n<p>En otros temas, el Fiscal General habl\u00f3 sobre el hallazgo de siete osamentas en un paraje del municipio Jos\u00e9 Mar\u00eda Morelos.<\/p>\n<p>Adem\u00e1s de las que ya se rescataron cuatro y se realizan las maniobras para recuperar las restantes.<\/p>\n<p>Esto\u00a0a fin de ser traslados al Servicio M\u00e9dico Forense y poder determinar las causas de muerte, identificarlos y entregarlas a sus familiares.<\/p>\n","protected":false},"excerpt":{"rendered":"<p>Del total de las detenciones, 82 fueron en flagrancia del delito y 29 en cumplimiento de \u00f3rdenes de aprehensi\u00f3n. Fiscal\u00eda General del Estado (FGE), inform\u00f3 que en colaboraci\u00f3n con el Grupo de Coordinaci\u00f3n para la Construcci\u00f3n de Paz. As\u00ed como de\u00a0Seguridad de Quintana Roo, se logr\u00f3 la detenci\u00f3n de 111 personas, FGE Quintana Roo logr\u00f3 [&hellip;]<\/p>\n","protected":false},"author":1,"featured_media":16603,"comment_status":"open","ping_status":"closed","sticky":false,"template":"","format":"standard","meta":{"footnotes":""},"categories":[10],"tags":[],"class_list":["post-16601","post","type-post","status-publish","format-standard","has-post-thumbnail","hentry","category-quintana-roo"],"_links":{"self":[{"href":"https:\/\/podernacional.com\/index.php?rest_route=\/wp\/v2\/posts\/16601","targetHints":{"allow":["GET"]}}],"collection":[{"href":"https:\/\/podernacional.com\/index.php?rest_route=\/wp\/v2\/posts"}],"about":[{"href":"https:\/\/podernacional.com\/index.php?rest_route=\/wp\/v2\/types\/post"}],"author":[{"embeddable":true,"href":"https:\/\/podernacional.com\/index.php?rest_route=\/wp\/v2\/users\/1"}],"replies":[{"embeddable":true,"href":"https:\/\/podernacional.com\/index.php?rest_route=%2Fwp%2Fv2%2Fcomments&post=16601"}],"version-history":[{"count":1,"href":"https:\/\/podernacional.com\/index.php?rest_route=\/wp\/v2\/posts\/16601\/revisions"}],"predecessor-version":[{"id":16602,"href":"https:\/\/podernacional.com\/index.php?rest_route=\/wp\/v2\/posts\/16601\/revisions\/16602"}],"wp:featuredmedia":[{"embeddable":true,"href":"https:\/\/podernacional.com\/index.php?rest_route=\/wp\/v2\/media\/16603"}],"wp:attachment":[{"href":"https:\/\/podernacional.com\/index.php?rest_route=%2Fwp%2Fv2%2Fmedia&parent=16601"}],"wp:term":[{"taxonomy":"category","embeddable":true,"href":"https:\/\/podernacional.com\/index.php?rest_route=%2Fwp%2Fv2%2Fcategories&post=16601"},{"taxonomy":"post_tag","embeddable":true,"href":"https:\/\/podernacional.com\/index.php?rest_route=%2Fwp%2Fv2%2Ftags&post=16601"}],"curies":[{"name":"wp","href":"https:\/\/api.w.org\/{rel}","templated":true}]}}