{"id":16634,"date":"2023-06-13T18:56:55","date_gmt":"2023-06-13T23:56:55","guid":{"rendered":"https:\/\/podernacional.com\/?p=16634"},"modified":"2023-06-13T23:56:57","modified_gmt":"2023-06-13T23:56:57","slug":"tren-maya-se-aduenan-de-mas-terrenos-en-quintana-roo-nuevo-decreto-expropia-hectareas-para-el-tramo-7","status":"publish","type":"post","link":"https:\/\/podernacional.com\/?p=16634","title":{"rendered":"Tren Maya: se adue\u00f1an de m\u00e1s terrenos en Quintana Roo; nuevo decreto expropia hect\u00e1reas para el Tramo 7"},"content":{"rendered":"<h4>Gobierno Federal expropi\u00f3 casi 120 hect\u00e1reas para la construcci\u00f3n del Tramo 7 del proyecto ferroviario del Presidente Andr\u00e9s Manuel L\u00f3pez Obrador<\/h4>\n<p>Al considerarlo \u201ccausa de utilidad p\u00fablica\u201d, el Presidente Andr\u00e9s Manuel L\u00f3pez Obrador firm\u00f3 un decreto.<\/p>\n<p>Esto\u00a0con el que se expropian poco m\u00e1s de 119 hect\u00e1reas de terrenos para el Tramo 7 del Tren Maya.<\/p>\n<p>Adem\u00e1s de que\u00a0sus obras complementarias, seg\u00fan se dio a conocer en el Diario Oficial de la Federaci\u00f3n (DOF).<\/p>\n<p>El decreto, publicado el pasado lunes en la edici\u00f3n vespertina del DOF, se detalla que por las tierras, ubicadas en el ejido \u201cJuan Sarabia\u201d.<\/p>\n<p>Adem\u00e1s del\u00a0municipio Oth\u00f3n P. Blanco del estado de Quintana Roo, el Gobierno Federal desembolsar\u00e1 136 millones 509 mil 870 pesos.<\/p>\n<p>Dicho monto determinado por el Instituto de Administraci\u00f3n y Aval\u00faos de Bienes Nacionales (Indaabin) que ser\u00e1 pagado a quienes acrediten la propiedad.<\/p>\n<p>Al sustentar la expropiaci\u00f3n, el documento detalla que no hubo objeciones por parte del comisariado, ejidatarios.<\/p>\n<h3>Adem\u00e1s de\u00a0posesionarios de Juan Sarabia, quienes fueron notificados sobre \u201cla solicitud de expropiaci\u00f3n.<\/h3>\n<p>Esto con\u00a0el acuerdo de instauraci\u00f3n y la superficie real a expropiar\u201d a favor del proyecto ferroviario que se construye en el sureste del pa\u00eds.<\/p>\n<p>Del total de hect\u00e1reas, 81 son de uso com\u00fan y 38 de uso parcelado y, de acuerdo con el Gobierno Federal.<\/p>\n<p>Esto\u00a0desde el pasado 17 de abril la Direcci\u00f3n General de Ordenamiento de la Propiedad Rural (DGOPR) de la Secretar\u00eda de Desarrollo Agrario.<\/p>\n<p>As\u00ed como del\u00a0Territorial y Urbano (Sedatu), determin\u00f3 procedente la expropiaci\u00f3n de los terrenos para la:<\/p>\n<p>\u201cConstrucci\u00f3n de obras de infraestructura ferroviaria y operaci\u00f3n del servicio p\u00fablico de transporte del Tren Maya y sus obras complementarias\u201d.<\/p>\n<p>El Tramo 7 del Tren Maya comprende 254.5 kil\u00f3metros de v\u00eda f\u00e9rrea sencilla y se extiende de Chetumal hasta Esc\u00e1rcega.<\/p>\n<p>Pasa por los municipios de Oth\u00f3n P. Blanco, en Quintana Roo y Calakmul, Candelaria y Esc\u00e1rcega, de Campeche.<\/p>\n<p>Contar\u00e1 con una estaci\u00f3n en Xpujil y tres paraderos distribuidos en Nicol\u00e1s Bravo, Calakmul y Centenario, adem\u00e1s de una base de mantenimiento en Xpujil.<\/p>\n<h4>Avances en tramos del Tren Maya<\/h4>\n<p>En mayo pasado, el titular del Fondo Nacional de Fomento al Turismo (Fonatur).<\/p>\n<p>Dicho, Javier May Rodr\u00edguez, present\u00f3 avances en los tramos 5, 6 y 7 del Tren Maya.<\/p>\n<p>Adem\u00e1s de\u00a0que suman 621 kil\u00f3metros de v\u00eda que cruzan ocho municipios de Quintana Roo y tres municipios del estado de Campeche.<\/p>\n<p>De acuerdo con el funcionario, en estos tres tramos se instalar\u00e1n siete estaciones, cuatro paraderos, un taller.<\/p>\n<p>As\u00ed como de\u00a0dos cocheras para los trenes y una base de mantenimiento para la v\u00eda.<\/p>\n<p>Adem\u00e1s, se construyen 800 obras complementarias, como puentes ferroviarios, drenajes, pasos peatonales, vehiculares y de fauna.<\/p>\n<p>May Rodr\u00edguez explic\u00f3 que los insumos requeridos para la v\u00eda en los tramos 5, 6 y 7 comprenden cuatro millones de metros c\u00fabicos de balasto.<\/p>\n<p>Al igual que un mill\u00f3n 800 mil durmientes y 121 mil toneladas de riel.<\/p>\n","protected":false},"excerpt":{"rendered":"<p>Gobierno Federal expropi\u00f3 casi 120 hect\u00e1reas para la construcci\u00f3n del Tramo 7 del proyecto ferroviario del Presidente Andr\u00e9s Manuel L\u00f3pez Obrador Al considerarlo \u201ccausa de utilidad p\u00fablica\u201d, el Presidente Andr\u00e9s Manuel L\u00f3pez Obrador firm\u00f3 un decreto. Esto\u00a0con el que se expropian poco m\u00e1s de 119 hect\u00e1reas de terrenos para el Tramo 7 del Tren Maya. [&hellip;]<\/p>\n","protected":false},"author":1,"featured_media":16636,"comment_status":"open","ping_status":"closed","sticky":false,"template":"","format":"standard","meta":{"footnotes":""},"categories":[10],"tags":[],"class_list":["post-16634","post","type-post","status-publish","format-standard","has-post-thumbnail","hentry","category-quintana-roo"],"_links":{"self":[{"href":"https:\/\/podernacional.com\/index.php?rest_route=\/wp\/v2\/posts\/16634","targetHints":{"allow":["GET"]}}],"collection":[{"href":"https:\/\/podernacional.com\/index.php?rest_route=\/wp\/v2\/posts"}],"about":[{"href":"https:\/\/podernacional.com\/index.php?rest_route=\/wp\/v2\/types\/post"}],"author":[{"embeddable":true,"href":"https:\/\/podernacional.com\/index.php?rest_route=\/wp\/v2\/users\/1"}],"replies":[{"embeddable":true,"href":"https:\/\/podernacional.com\/index.php?rest_route=%2Fwp%2Fv2%2Fcomments&post=16634"}],"version-history":[{"count":1,"href":"https:\/\/podernacional.com\/index.php?rest_route=\/wp\/v2\/posts\/16634\/revisions"}],"predecessor-version":[{"id":16635,"href":"https:\/\/podernacional.com\/index.php?rest_route=\/wp\/v2\/posts\/16634\/revisions\/16635"}],"wp:featuredmedia":[{"embeddable":true,"href":"https:\/\/podernacional.com\/index.php?rest_route=\/wp\/v2\/media\/16636"}],"wp:attachment":[{"href":"https:\/\/podernacional.com\/index.php?rest_route=%2Fwp%2Fv2%2Fmedia&parent=16634"}],"wp:term":[{"taxonomy":"category","embeddable":true,"href":"https:\/\/podernacional.com\/index.php?rest_route=%2Fwp%2Fv2%2Fcategories&post=16634"},{"taxonomy":"post_tag","embeddable":true,"href":"https:\/\/podernacional.com\/index.php?rest_route=%2Fwp%2Fv2%2Ftags&post=16634"}],"curies":[{"name":"wp","href":"https:\/\/api.w.org\/{rel}","templated":true}]}}