{"id":16637,"date":"2023-06-13T18:58:51","date_gmt":"2023-06-13T23:58:51","guid":{"rendered":"https:\/\/podernacional.com\/?p=16637"},"modified":"2023-06-13T23:58:52","modified_gmt":"2023-06-13T23:58:52","slug":"quintana-roo-expondra-bellezas-turisticas-en-el-world-travel-expo-miami","status":"publish","type":"post","link":"https:\/\/podernacional.com\/?p=16637","title":{"rendered":"Quintana Roo expondr\u00e1 bellezas tur\u00edsticas en el World Travel Expo Miami"},"content":{"rendered":"<h4>Quintana Roo, estar\u00e1 presente en la Feria Internacional de Turismo World Travel Expo (WTE).<\/h4>\n<p>El cual que se llevar\u00e1 a cabo en la ciudad de Miami del 13 al 15 de junio, donde ante m\u00e1s de 8 mil agentes de la industria tur\u00edstica.<\/p>\n<p>El cual expondr\u00e1n las maravillas con las que cuenta el estado desde Canc\u00fan a Chetumal.<\/p>\n<p>Encabezando la delegaci\u00f3n estatal estar\u00e1 el secretario de Turismo de Quintana Roo, Bernardo Cueto.<\/p>\n<p>Esto\u00a0en representaci\u00f3n de la gobernadora Mara Lezama, adem\u00e1s participar\u00e1 el Consejo de Promoci\u00f3n Tur\u00edstica de Quintana Roo (CPTQ).<\/p>\n<p>La delegaci\u00f3n tiene como objetivo dar a conocer los resultados y alcances del nuevo modelo de turismo impulsado.<\/p>\n<p>Esto\u00a0por la Gobernadora en el marco del Nuevo Acuerdo por el Bienestar y Desarrollo de Quintana Roo.<\/p>\n<p>La presencia en este evento permitir\u00e1 fortalecer la promoci\u00f3n de los 12 destinos de Quintana Roo en el sur de la Florida.<\/p>\n<p>Adem\u00e1s de\u00a0una regi\u00f3n estrat\u00e9gica para la promoci\u00f3n tur\u00edstica de M\u00e9xico. Durante la expo.<\/p>\n<p>Al igual de que se espera reunir a l\u00edderes de la industria tur\u00edstica y de aviaci\u00f3n.<\/p>\n<p>El cual est\u00e1\u00a0incluyendo representantes de l\u00edneas a\u00e9reas, aeropuertos, organizaciones de promoci\u00f3n tur\u00edstica, ministros de turismo.<\/p>\n<h4>As\u00ed como de\u00a0tour operadores, hoteles y atracciones tur\u00edsticas.<\/h4>\n<p>El evento tambi\u00e9n servir\u00e1 como una oportunidad para establecer relaciones de alto nivel en la industria.<\/p>\n<p>Adem\u00e1s de\u00a0fortalecer la colaboraci\u00f3n con los diversos destinos participantes.<\/p>\n<p>Entre los sectores tur\u00edsticos clave que se promover\u00e1n se encuentran la industria de cruceros, el turismo m\u00e9dico y el turismo LGBTQ+, entre otros.<\/p>\n<p>Adem\u00e1s de las actividades de promoci\u00f3n tur\u00edstica la agenda contempla una iniciativa llamada Convoy.<\/p>\n<p>Esto\u00a0para la Internacionalizaci\u00f3n de municipios Mexicanos, cap\u00edtulo Florida.<\/p>\n<p>Esta iniciativa, impulsada en colaboraci\u00f3n con la Secretar\u00eda de Relaciones Exteriores.<\/p>\n<p>El cual\u00a0busca generar espacios donde los actores relevantes del ecosistema econ\u00f3mico de Florida puedan conocer las oportunidades.<\/p>\n<p>Dichas\u00a0de colaboraci\u00f3n con los gobiernos locales mexicanos, las ventajas de hacer negocios.<\/p>\n<p>Esto para\u00a0las potencialidades de los municipios mexicanos en los ejes econ\u00f3micos, innovaci\u00f3n, diplomacia y comunidades.<\/p>\n<p>La participaci\u00f3n de Quintana Roo en la WTE World Travel Expo es un paso importante para promover el turismo.<\/p>\n<p>Adem\u00e1s de\u00a0fortalecer los lazos con la industria internacional.<\/p>\n<p>El estado espera continuar consolid\u00e1ndose como uno de los destinos preferidos por los viajeros internacionales, ofreciendo experiencias \u00fanicas y de alta calidad.<\/p>\n","protected":false},"excerpt":{"rendered":"<p>Quintana Roo, estar\u00e1 presente en la Feria Internacional de Turismo World Travel Expo (WTE). El cual que se llevar\u00e1 a cabo en la ciudad de Miami del 13 al 15 de junio, donde ante m\u00e1s de 8 mil agentes de la industria tur\u00edstica. El cual expondr\u00e1n las maravillas con las que cuenta el estado desde [&hellip;]<\/p>\n","protected":false},"author":1,"featured_media":16639,"comment_status":"open","ping_status":"closed","sticky":false,"template":"","format":"standard","meta":{"footnotes":""},"categories":[10],"tags":[],"class_list":["post-16637","post","type-post","status-publish","format-standard","has-post-thumbnail","hentry","category-quintana-roo"],"_links":{"self":[{"href":"https:\/\/podernacional.com\/index.php?rest_route=\/wp\/v2\/posts\/16637","targetHints":{"allow":["GET"]}}],"collection":[{"href":"https:\/\/podernacional.com\/index.php?rest_route=\/wp\/v2\/posts"}],"about":[{"href":"https:\/\/podernacional.com\/index.php?rest_route=\/wp\/v2\/types\/post"}],"author":[{"embeddable":true,"href":"https:\/\/podernacional.com\/index.php?rest_route=\/wp\/v2\/users\/1"}],"replies":[{"embeddable":true,"href":"https:\/\/podernacional.com\/index.php?rest_route=%2Fwp%2Fv2%2Fcomments&post=16637"}],"version-history":[{"count":1,"href":"https:\/\/podernacional.com\/index.php?rest_route=\/wp\/v2\/posts\/16637\/revisions"}],"predecessor-version":[{"id":16638,"href":"https:\/\/podernacional.com\/index.php?rest_route=\/wp\/v2\/posts\/16637\/revisions\/16638"}],"wp:featuredmedia":[{"embeddable":true,"href":"https:\/\/podernacional.com\/index.php?rest_route=\/wp\/v2\/media\/16639"}],"wp:attachment":[{"href":"https:\/\/podernacional.com\/index.php?rest_route=%2Fwp%2Fv2%2Fmedia&parent=16637"}],"wp:term":[{"taxonomy":"category","embeddable":true,"href":"https:\/\/podernacional.com\/index.php?rest_route=%2Fwp%2Fv2%2Fcategories&post=16637"},{"taxonomy":"post_tag","embeddable":true,"href":"https:\/\/podernacional.com\/index.php?rest_route=%2Fwp%2Fv2%2Ftags&post=16637"}],"curies":[{"name":"wp","href":"https:\/\/api.w.org\/{rel}","templated":true}]}}