{"id":16640,"date":"2023-06-13T19:00:50","date_gmt":"2023-06-14T00:00:50","guid":{"rendered":"https:\/\/podernacional.com\/?p=16640"},"modified":"2023-06-14T00:00:52","modified_gmt":"2023-06-14T00:00:52","slug":"belice-el-vecino-desconocido-de-mexico-que-entusiasma-a-empresarios-de-quintana-roo","status":"publish","type":"post","link":"https:\/\/podernacional.com\/?p=16640","title":{"rendered":"Belice, el vecino desconocido de M\u00e9xico que entusiasma a empresarios de Quintana Roo"},"content":{"rendered":"<h4>Empresarios mexicanos buscan un TLC con el pa\u00eds centroamericano; el presidente L\u00f3pez Obrador dice que la frontera de Chetumal con Belice est\u00e1 libre de impuestos<\/h4>\n<p>Jimmy Buffett&#8217;s Margaritaville Hotels and Resorts est\u00e1 ahora en Belice.<\/p>\n<p>Belice, el vecino desconocido de M\u00e9xico al que los empresarios de Quintana Roo est\u00e1n poniendo atenci\u00f3n.<\/p>\n<p>Adem\u00e1s que con quien buscan pugnar por tener aranceles cero para la importaci\u00f3n de bienes.<\/p>\n<p>\u00bfEs Belice un mercado emergente para inversionistas? Esto dice un experto<\/p>\n<p>En Centroam\u00e9rica se sabe que Panam\u00e1 es una de las econom\u00edas de m\u00e1s r\u00e1pido crecimiento en la regi\u00f3n.<\/p>\n<p>Pero tambi\u00e9n Belice podr\u00eda ser una buena opci\u00f3n, dice un autor<\/p>\n<p>Las intenciones de establecer un libre comercio con Belice se remontan desde 2014.<\/p>\n<p>Al igual que\u00a0pero en las \u00faltimas semanas volvieron a tomar fuerza, con la solicitud del sector privado de Chetumal.<\/p>\n<p>Dicha\u00a0capital del estado de Quintana Roo y principal punto fronterizo con Belice (v\u00eda mar\u00edtima).<\/p>\n<p>Por ende, al presidente Andr\u00e9s Manuel L\u00f3pez Obrador para que intervenga y d\u00e9 celeridad y formalidad al Tratado de Libre Comercio (TLC) con Belice.<\/p>\n<h4>En la conferencia matutina del 2 de junio, el mandatario mexicano dijo que su gobierno aplic\u00f3 una pol\u00edtica de est\u00edmulos a toda la franja fronteriza.<\/h4>\n<p>Adem\u00e1s que\u00a0\u201cy el prop\u00f3sito es que Chetumal vuelva a ser una zona libre, franca, entonces se pod\u00eda ir a comprar mercanc\u00edas.<\/p>\n<p>Al igual que\u00a0no se pagaban impuestos y se consegu\u00edan mercanc\u00edas baratas, electrodom\u00e9sticos, alimentos\u201d.<\/p>\n<p>El presidente afirm\u00f3 que est\u00e1 impulsando junto con la gobernadora del estado.<\/p>\n<p>Por ende, Mara Lezama Espinosa, difundir entre el sector empresarial de la zona sur.<\/p>\n<p>As\u00ed como que recientemente se aprob\u00f3 este decreto para eximir el pago de impuestos en la frontera de Chetumal con Belice.<\/p>\n<p>Dicho\u00a0similar a lo que ocurre en la frontera norte.<\/p>\n<p>L\u00f3pez Obrador agreg\u00f3 que con respecto al TLC que proponen los empresarios.<\/p>\n<p>Adem\u00e1s de que\u00a0estos no podr\u00edan beneficiarse en ese caso si los pa\u00edses de los que traen mercanc\u00eda ya tienen acuerdos comerciales con M\u00e9xico.<\/p>\n<p>El presidente reconoci\u00f3 que mucho del comercio de Belice se hace en Chetumal.<\/p>\n<p>\u201cMucha gente, hermanas, hermanos belice\u00f1os van a Chetumal los fines de semana, ah\u00ed compran sus despensas, sus mercanc\u00edas\u201d.<\/p>\n<p>La C\u00e1mara Nacional de Comercio, Servicios y Turismo de Chetumal (Canaco).<\/p>\n<p>Por ende se\u00a0inform\u00f3 que los 50.000 turistas belice\u00f1os que en promedio visitan la ciudad mexicana cada mes.<\/p>\n<p>El cual\u00a0aportan un ingreso de 75 millones de pesos (US$ 4,3, millones), lo refleja un aumento del 20% en comparaci\u00f3n con el a\u00f1o anterior.<\/p>\n<h4>La relaci\u00f3n entre M\u00e9xico y Belice<\/h4>\n<p>M\u00e9xico fue el primer pa\u00eds que estableci\u00f3 relaciones diplom\u00e1ticas con Belice al declarar este su independencia del Reino Unido el 21 de septiembre de 1981.<\/p>\n<p>Belice es una de las econom\u00edas m\u00e1s peque\u00f1as en Centroam\u00e9rica y se basa en el turismo, la agricultura y la construcci\u00f3n.<\/p>\n<p>Le contamos de qu\u00e9 viven, sus playas y otros datos<\/p>\n<p>Desde entonces, han avanzado sustancialmente en la construcci\u00f3n de una relaci\u00f3n bilateral que se caracteriza por el di\u00e1logo permanente.<\/p>\n<p>Esto\u00a0al m\u00e1s alto nivel y coincidencia de sus posiciones en foros regionales.<\/p>\n<p>En materia de comercio exterior, las ventas internacionales de M\u00e9xico a Belice fueron US$ 13,2 millones.<\/p>\n<p>Adem\u00e1s de que\u00a0mientras que las compras internacionales alcanzaron US$ 1,16 millones, seg\u00fan el Banco de M\u00e9xico (Banxico).<\/p>\n<p>La principal venta de M\u00e9xico a Belice fue energ\u00eda el\u00e9ctrica, le sigue productos laminados de hierro y otros metales.<\/p>\n<p>As\u00ed como de\u00a0margarinas y aceites alimenticios, tejidos sint\u00e9ticos y pl\u00e1stico para embalaje.<\/p>\n<p>Por en tanto, los principales productos importados son bovinos vivos, m\u00e1quinas y aparatos electr\u00f3nicos, alimentos y otros.<\/p>\n","protected":false},"excerpt":{"rendered":"<p>Empresarios mexicanos buscan un TLC con el pa\u00eds centroamericano; el presidente L\u00f3pez Obrador dice que la frontera de Chetumal con Belice est\u00e1 libre de impuestos Jimmy Buffett&#8217;s Margaritaville Hotels and Resorts est\u00e1 ahora en Belice. Belice, el vecino desconocido de M\u00e9xico al que los empresarios de Quintana Roo est\u00e1n poniendo atenci\u00f3n. Adem\u00e1s que con quien [&hellip;]<\/p>\n","protected":false},"author":1,"featured_media":16642,"comment_status":"open","ping_status":"closed","sticky":false,"template":"","format":"standard","meta":{"footnotes":""},"categories":[10],"tags":[],"class_list":["post-16640","post","type-post","status-publish","format-standard","has-post-thumbnail","hentry","category-quintana-roo"],"_links":{"self":[{"href":"https:\/\/podernacional.com\/index.php?rest_route=\/wp\/v2\/posts\/16640","targetHints":{"allow":["GET"]}}],"collection":[{"href":"https:\/\/podernacional.com\/index.php?rest_route=\/wp\/v2\/posts"}],"about":[{"href":"https:\/\/podernacional.com\/index.php?rest_route=\/wp\/v2\/types\/post"}],"author":[{"embeddable":true,"href":"https:\/\/podernacional.com\/index.php?rest_route=\/wp\/v2\/users\/1"}],"replies":[{"embeddable":true,"href":"https:\/\/podernacional.com\/index.php?rest_route=%2Fwp%2Fv2%2Fcomments&post=16640"}],"version-history":[{"count":1,"href":"https:\/\/podernacional.com\/index.php?rest_route=\/wp\/v2\/posts\/16640\/revisions"}],"predecessor-version":[{"id":16641,"href":"https:\/\/podernacional.com\/index.php?rest_route=\/wp\/v2\/posts\/16640\/revisions\/16641"}],"wp:featuredmedia":[{"embeddable":true,"href":"https:\/\/podernacional.com\/index.php?rest_route=\/wp\/v2\/media\/16642"}],"wp:attachment":[{"href":"https:\/\/podernacional.com\/index.php?rest_route=%2Fwp%2Fv2%2Fmedia&parent=16640"}],"wp:term":[{"taxonomy":"category","embeddable":true,"href":"https:\/\/podernacional.com\/index.php?rest_route=%2Fwp%2Fv2%2Fcategories&post=16640"},{"taxonomy":"post_tag","embeddable":true,"href":"https:\/\/podernacional.com\/index.php?rest_route=%2Fwp%2Fv2%2Ftags&post=16640"}],"curies":[{"name":"wp","href":"https:\/\/api.w.org\/{rel}","templated":true}]}}