{"id":16667,"date":"2023-06-15T16:00:43","date_gmt":"2023-06-15T21:00:43","guid":{"rendered":"https:\/\/podernacional.com\/?p=16667"},"modified":"2023-06-15T14:48:11","modified_gmt":"2023-06-15T14:48:11","slug":"escandalo-mundial-bad-bunny-rompe-el-silencio-y-revela-la-verdad-impactante-sobre-kendall-jenner-y-su-supuesto-embarazo","status":"publish","type":"post","link":"https:\/\/podernacional.com\/?p=16667","title":{"rendered":"&quot;\u00a1Esc\u00e1ndalo mundial! Bad Bunny rompe el silencio y revela la verdad impactante sobre Kendall Jenner y su supuesto embarazo&quot;"},"content":{"rendered":"<div class=\"row r01\">\n<div id=\"r01\" class=\"col portlet-column nopadding\">\n<div id=\"\" class=\"portlet-boundary portlet-static-end content-viewer-portlet c_005_001 last full-access norestricted\">\n<div class=\"DETAIL_INF1_TIT_SUB\">\n<h4 class=\"lead\" style=\"text-align: center;\">Bad Bunny no puede evitar sentir tristeza y pena ante los rumores de embarazo que envuelven a Kendall Jenner, y comparte su perspectiva en una entrevista reciente.<\/h4>\n<p>El aclamado cantante puertorrique\u00f1o,\u00a0<b>Bad Bunny<\/b>, ha decidido finalmente hablar sobre los recientes rumores que rodean el supuesto embarazo de su novia,\u00a0<b>Kendall Jenner.<\/b><\/p>\n<p>En una entrevista con Yahoo, el artista expres\u00f3 su sentir ante la atenci\u00f3n medi\u00e1tica y las especulaciones constantes que rodean su vida personal. Aunque est\u00e1 acostumbrado a lidiar con la fama, Bad Bunny dej\u00f3 claro que solo \u00e9l sabe la verdad sobre su relaci\u00f3n.<\/p>\n<div class=\"paragraph\">\n<p>El cantante comparti\u00f3 su perspectiva sobre la intensidad de los rumores y la forma en que afectan a quienes est\u00e1n en el ojo p\u00fablico.<\/p>\n<\/div>\n<div class=\"paragraph\">\n<p>\u201cMe hace gracia. Me entristece y me da pena al mismo tiempo, no por m\u00ed, sino m\u00e1s bien por la gente [que difunde chismes], porque es gracioso ver c\u00f3mo hablan con confianza. Es como decir: \u2018Qu\u00e9 tontos, no tienen ni idea de nada\u2019. Y t\u00fa tambi\u00e9n te r\u00edes\u201d, explic\u00f3 Bad Bunny.<\/p>\n<div class=\"paragraph\">\n<p>Adem\u00e1s, destac\u00f3 que esta no es la primera vez que se enfrenta a rumores de este tipo debido a su exposici\u00f3n a la fama. Reconoci\u00f3 que cualquiera puede decir lo que quiera sobre \u00e9l, pero se\u00f1al\u00f3 que el ant\u00eddoto contra los chismes es mantenerse seguro de qui\u00e9n eres y disfrutar de la vida. \u201cSoy la \u00fanica que lo sabe y la \u00fanica que tiene claro lo que siente\u201d, afirm\u00f3.<\/p>\n<\/div>\n<div class=\"art-twitter\">\n<div class=\"twitter-content\"><\/div>\n<\/div>\n<\/div>\n<\/div>\n<\/div>\n<\/div>\n<\/div>\n","protected":false},"excerpt":{"rendered":"<p>Bad Bunny no puede evitar sentir tristeza y pena ante los rumores de embarazo que envuelven a Kendall Jenner, y comparte su perspectiva en una entrevista reciente. El aclamado cantante puertorrique\u00f1o,\u00a0Bad Bunny, ha decidido finalmente hablar sobre los recientes rumores que rodean el supuesto embarazo de su novia,\u00a0Kendall Jenner. En una entrevista con Yahoo, el [&hellip;]<\/p>\n","protected":false},"author":1,"featured_media":16669,"comment_status":"open","ping_status":"closed","sticky":false,"template":"","format":"standard","meta":{"footnotes":""},"categories":[5],"tags":[],"class_list":["post-16667","post","type-post","status-publish","format-standard","has-post-thumbnail","hentry","category-internacional"],"_links":{"self":[{"href":"https:\/\/podernacional.com\/index.php?rest_route=\/wp\/v2\/posts\/16667","targetHints":{"allow":["GET"]}}],"collection":[{"href":"https:\/\/podernacional.com\/index.php?rest_route=\/wp\/v2\/posts"}],"about":[{"href":"https:\/\/podernacional.com\/index.php?rest_route=\/wp\/v2\/types\/post"}],"author":[{"embeddable":true,"href":"https:\/\/podernacional.com\/index.php?rest_route=\/wp\/v2\/users\/1"}],"replies":[{"embeddable":true,"href":"https:\/\/podernacional.com\/index.php?rest_route=%2Fwp%2Fv2%2Fcomments&post=16667"}],"version-history":[{"count":1,"href":"https:\/\/podernacional.com\/index.php?rest_route=\/wp\/v2\/posts\/16667\/revisions"}],"predecessor-version":[{"id":16668,"href":"https:\/\/podernacional.com\/index.php?rest_route=\/wp\/v2\/posts\/16667\/revisions\/16668"}],"wp:featuredmedia":[{"embeddable":true,"href":"https:\/\/podernacional.com\/index.php?rest_route=\/wp\/v2\/media\/16669"}],"wp:attachment":[{"href":"https:\/\/podernacional.com\/index.php?rest_route=%2Fwp%2Fv2%2Fmedia&parent=16667"}],"wp:term":[{"taxonomy":"category","embeddable":true,"href":"https:\/\/podernacional.com\/index.php?rest_route=%2Fwp%2Fv2%2Fcategories&post=16667"},{"taxonomy":"post_tag","embeddable":true,"href":"https:\/\/podernacional.com\/index.php?rest_route=%2Fwp%2Fv2%2Ftags&post=16667"}],"curies":[{"name":"wp","href":"https:\/\/api.w.org\/{rel}","templated":true}]}}