{"id":16697,"date":"2023-06-15T14:43:13","date_gmt":"2023-06-15T19:43:13","guid":{"rendered":"https:\/\/podernacional.com\/?p=16697"},"modified":"2023-06-15T19:43:15","modified_gmt":"2023-06-15T19:43:15","slug":"cecytes-en-quintana-roo-se-une-al-mega-paro-a-realizarse-en-varias-partes-del-pais","status":"publish","type":"post","link":"https:\/\/podernacional.com\/?p=16697","title":{"rendered":"Cecytes en Quintana Roo se une al MEGA paro a realizarse en varias partes del pa\u00eds"},"content":{"rendered":"<h4>El pr\u00f3ximo 22 de junio los 10 planteles del Cecytes en Quintana Roo anunciaron un paro.<\/h4>\n<p>Esto\u00a0ante las exigencias de mejoras que se est\u00e1n solicitando desde hace algunos a\u00f1os sin lograrlo a\u00fan.<\/p>\n<p>Adem\u00e1s de que\u00a0llevar\u00e1n a cabo un paro de labores en protesta por la falta de cumplimiento de prestaciones.<\/p>\n<p>Al igual que\u00a0mejoras laborales para los docentes. Esta acci\u00f3n afectar\u00e1 las clases en 10 planteles del estado.<\/p>\n<p>Esto\u00a0seg\u00fan mencion\u00f3 David Ak\u00e9 Rosado, dirigente sindical del subsistema<\/p>\n<p>Se estima que alrededor de 450 trabajadores sindicalizados y 14 mil 500 estudiantes ser\u00e1n afectados por esta medida.<\/p>\n<h4>Adem\u00e1s de\u00a0que forma parte de un frente nacional de protesta para buscar mejoras en las condiciones laborales de los empleados de los Cecytes.<\/h4>\n<p>Las demandas de los trabajadores del Cecyte incluyen la necesidad de mejores salarios, con un incremento de al menos el 8.2%.<\/p>\n<p>Adem\u00e1s, buscan el reconocimiento de la labor docente y administrativa, as\u00ed como el pago de incentivos que les corresponden.<\/p>\n<p>El paro de labores busca llamar la atenci\u00f3n de las autoridades y generar acciones que atiendan estas demandas.<\/p>\n<p>Adem\u00e1s de que son consideradas fundamentales para garantizar la calidad educativa y el bienestar de los trabajadores del subsistema.<\/p>\n<p>Ante esta situaci\u00f3n, se espera que las autoridades educativas y sindicales entablen di\u00e1logos para buscar soluciones.<\/p>\n<p>Esto\u00a0que beneficien a ambas partes y eviten mayores interrupciones en el proceso educativo de los estudiantes.<\/p>\n<p>Los trabajadores del Cecyte conf\u00edan en que este paro de labores genere los resultados necesarios para mejorar sus condiciones laborales .<\/p>\n<p>Adem\u00e1s de\u00a0brindar una educaci\u00f3n de calidad a los j\u00f3venes de Quintana Roo.<\/p>\n","protected":false},"excerpt":{"rendered":"<p>El pr\u00f3ximo 22 de junio los 10 planteles del Cecytes en Quintana Roo anunciaron un paro. Esto\u00a0ante las exigencias de mejoras que se est\u00e1n solicitando desde hace algunos a\u00f1os sin lograrlo a\u00fan. Adem\u00e1s de que\u00a0llevar\u00e1n a cabo un paro de labores en protesta por la falta de cumplimiento de prestaciones. Al igual que\u00a0mejoras laborales para [&hellip;]<\/p>\n","protected":false},"author":1,"featured_media":16699,"comment_status":"open","ping_status":"closed","sticky":false,"template":"","format":"standard","meta":{"footnotes":""},"categories":[10],"tags":[],"class_list":["post-16697","post","type-post","status-publish","format-standard","has-post-thumbnail","hentry","category-quintana-roo"],"_links":{"self":[{"href":"https:\/\/podernacional.com\/index.php?rest_route=\/wp\/v2\/posts\/16697","targetHints":{"allow":["GET"]}}],"collection":[{"href":"https:\/\/podernacional.com\/index.php?rest_route=\/wp\/v2\/posts"}],"about":[{"href":"https:\/\/podernacional.com\/index.php?rest_route=\/wp\/v2\/types\/post"}],"author":[{"embeddable":true,"href":"https:\/\/podernacional.com\/index.php?rest_route=\/wp\/v2\/users\/1"}],"replies":[{"embeddable":true,"href":"https:\/\/podernacional.com\/index.php?rest_route=%2Fwp%2Fv2%2Fcomments&post=16697"}],"version-history":[{"count":1,"href":"https:\/\/podernacional.com\/index.php?rest_route=\/wp\/v2\/posts\/16697\/revisions"}],"predecessor-version":[{"id":16698,"href":"https:\/\/podernacional.com\/index.php?rest_route=\/wp\/v2\/posts\/16697\/revisions\/16698"}],"wp:featuredmedia":[{"embeddable":true,"href":"https:\/\/podernacional.com\/index.php?rest_route=\/wp\/v2\/media\/16699"}],"wp:attachment":[{"href":"https:\/\/podernacional.com\/index.php?rest_route=%2Fwp%2Fv2%2Fmedia&parent=16697"}],"wp:term":[{"taxonomy":"category","embeddable":true,"href":"https:\/\/podernacional.com\/index.php?rest_route=%2Fwp%2Fv2%2Fcategories&post=16697"},{"taxonomy":"post_tag","embeddable":true,"href":"https:\/\/podernacional.com\/index.php?rest_route=%2Fwp%2Fv2%2Ftags&post=16697"}],"curies":[{"name":"wp","href":"https:\/\/api.w.org\/{rel}","templated":true}]}}