{"id":16700,"date":"2023-06-15T14:45:14","date_gmt":"2023-06-15T19:45:14","guid":{"rendered":"https:\/\/podernacional.com\/?p=16700"},"modified":"2023-06-15T19:45:15","modified_gmt":"2023-06-15T19:45:15","slug":"quintana-roo-firma-el-acuerdo-nacional-por-la-igualdad-y-el-bienestar-de-las-mujeres","status":"publish","type":"post","link":"https:\/\/podernacional.com\/?p=16700","title":{"rendered":"Quintana Roo firma el Acuerdo Nacional por la Igualdad y el Bienestar de las Mujeres"},"content":{"rendered":"<h4>Autoridades de los 3 niveles de gobierno firmaron compromisos sobre pol\u00edticas p\u00fablicas y legislativas, igualdad de g\u00e9nero, acciones estrat\u00e9gicas y recursos p\u00fablicos<\/h4>\n<p>Quintana Roo se sum\u00f3 al Acuerdo Nacional por la Igualdad y el Bienestar de las Mujeres impulsado por el Instituto Nacional de las Mujeres (INMUJERES).<\/p>\n<p>As\u00ed como\u00a0con lo que la gobernadora Mara Lezama ratifica el trabajo coordinado entre federaci\u00f3n, estado y municipios.<\/p>\n<p>Esto\u00a0para promover las pol\u00edticas p\u00fablicas a favor de las mujeres y garantizar el acceso a una vida libre de violencia.<\/p>\n<p>Acompa\u00f1ada por la presidenta del INMUJERES, Nadine Gasman Zylbermann, la gobernadora Mara Lezama Espinosa.<\/p>\n<p>La cual\u00a0destac\u00f3 que este gobierno ha puesto a las mujeres al centro de la pol\u00edtica social.<\/p>\n<p>As\u00ed como se establece en el Nuevo Acuerdo por el Bienestar y Desarrollo de Quintana Roo.<\/p>\n<p>En el evento que se realiz\u00f3 en el Centro Internacional de Negocios y Convenciones con la participaci\u00f3n del gabinete legal y ampliado.<\/p>\n<p>Adem\u00e1s de autoridades municipales, integrantes de los poderes Legislativo y Judicial, Mara Lezama destac\u00f3 que Quintana Roo.<\/p>\n<p>Adem\u00e1s que\u00a0cuenta con el primer gobierno paritario e implementa acciones a favor de las mujeres para acabar con la desigualdad y la injusticia social.<\/p>\n<p>\u201cQuintana Roo encabeza el listado nacional en porcentaje de mujeres desempe\u00f1ando cargos de elecci\u00f3n popular\u201d.<\/p>\n<p>\u201cAs\u00ed como del 64% de las curules del Congreso del Estado y las presidencias municipales est\u00e1n ocupados por mujeres\u201d, destac\u00f3.<\/p>\n<h4>La firma estuvo encabezada por la presidenta de Inmujeres, Nadine Gasman Zylbermann.<\/h4>\n<p>Al igual que la gobernadora Mara Lezama y la directora general del IQM, Mar\u00eda Hadad Castillo, as\u00ed como presidentes municipales.<\/p>\n<p>As\u00ed como de\u00a0titulares de los poderes Judicial y Legislativo.<\/p>\n<p>Mara Lezama destac\u00f3 que cada uno de los compromisos que se suscriben en la firma del convenio.<\/p>\n<p>El cual\u00a0se encuentra ampliamente respaldado por acciones concretas de pol\u00edtica p\u00fablica.<\/p>\n<p>Adem\u00e1s\u00a0de esta administraci\u00f3n encabezada por primera vez por una mujer Gobernadora.<\/p>\n<p>En su participaci\u00f3n, Nadine Gasman Zylbermann, afirm\u00f3 que Quintana Roo es el estado n\u00famero 15 en realizar este compromiso.<\/p>\n<p>El cual\u00a0consider\u00f3 primordial unir esfuerzos, recursos, disponibilidad y claridad.<\/p>\n<p>As\u00ed como de trabajar de manera sin\u00e9rgica para cerrar las brechas de desigualdad<\/p>\n<p>Por su parte la directora del IQM, Mar\u00eda Hadad Castillo, destac\u00f3 que es un llamado a la acci\u00f3n a partir de una serie de resoluciones.<\/p>\n<p>Las cuales constituyen\u00a0\u00e9ticas, legislativas y de pol\u00edtica p\u00fablica que buscan generar un impacto sostenible en el desarrollo y bienestar de las mujeres quintanarroenses.<\/p>\n<p>El evento tuvo como acto central la conferencia magistral \u201cIgualdad de G\u00e9nero para el Bienestar y la Democracia\u201d.<\/p>\n<p>Esto a cargo de la presidenta de INMUJERES, Nadine Gasman; la directora general de la pol\u00edtica nacional de igualdad y derechos de las mujeres.<\/p>\n<p>Por ende\u00a0Marta Clara Ferreyra Beltr\u00e1n; y la directora general para la promoci\u00f3n de una vida libre de violencia.<\/p>\n<p>As\u00ed como de un impulso a la participaci\u00f3n pol\u00edtica, Anabel L\u00f3pez S\u00e1nchez.<\/p>\n","protected":false},"excerpt":{"rendered":"<p>Autoridades de los 3 niveles de gobierno firmaron compromisos sobre pol\u00edticas p\u00fablicas y legislativas, igualdad de g\u00e9nero, acciones estrat\u00e9gicas y recursos p\u00fablicos Quintana Roo se sum\u00f3 al Acuerdo Nacional por la Igualdad y el Bienestar de las Mujeres impulsado por el Instituto Nacional de las Mujeres (INMUJERES). As\u00ed como\u00a0con lo que la gobernadora Mara Lezama [&hellip;]<\/p>\n","protected":false},"author":1,"featured_media":16702,"comment_status":"open","ping_status":"closed","sticky":false,"template":"","format":"standard","meta":{"footnotes":""},"categories":[10],"tags":[],"class_list":["post-16700","post","type-post","status-publish","format-standard","has-post-thumbnail","hentry","category-quintana-roo"],"_links":{"self":[{"href":"https:\/\/podernacional.com\/index.php?rest_route=\/wp\/v2\/posts\/16700","targetHints":{"allow":["GET"]}}],"collection":[{"href":"https:\/\/podernacional.com\/index.php?rest_route=\/wp\/v2\/posts"}],"about":[{"href":"https:\/\/podernacional.com\/index.php?rest_route=\/wp\/v2\/types\/post"}],"author":[{"embeddable":true,"href":"https:\/\/podernacional.com\/index.php?rest_route=\/wp\/v2\/users\/1"}],"replies":[{"embeddable":true,"href":"https:\/\/podernacional.com\/index.php?rest_route=%2Fwp%2Fv2%2Fcomments&post=16700"}],"version-history":[{"count":1,"href":"https:\/\/podernacional.com\/index.php?rest_route=\/wp\/v2\/posts\/16700\/revisions"}],"predecessor-version":[{"id":16701,"href":"https:\/\/podernacional.com\/index.php?rest_route=\/wp\/v2\/posts\/16700\/revisions\/16701"}],"wp:featuredmedia":[{"embeddable":true,"href":"https:\/\/podernacional.com\/index.php?rest_route=\/wp\/v2\/media\/16702"}],"wp:attachment":[{"href":"https:\/\/podernacional.com\/index.php?rest_route=%2Fwp%2Fv2%2Fmedia&parent=16700"}],"wp:term":[{"taxonomy":"category","embeddable":true,"href":"https:\/\/podernacional.com\/index.php?rest_route=%2Fwp%2Fv2%2Fcategories&post=16700"},{"taxonomy":"post_tag","embeddable":true,"href":"https:\/\/podernacional.com\/index.php?rest_route=%2Fwp%2Fv2%2Ftags&post=16700"}],"curies":[{"name":"wp","href":"https:\/\/api.w.org\/{rel}","templated":true}]}}