{"id":16703,"date":"2023-06-15T14:47:15","date_gmt":"2023-06-15T19:47:15","guid":{"rendered":"https:\/\/podernacional.com\/?p=16703"},"modified":"2023-06-15T19:47:17","modified_gmt":"2023-06-15T19:47:17","slug":"firman-convenio-para-erradicar-trabajo-infantil-en-quintana-roo","status":"publish","type":"post","link":"https:\/\/podernacional.com\/?p=16703","title":{"rendered":"Firman convenio para erradicar trabajo infantil en Quintana Roo"},"content":{"rendered":"<h4>Mara Lezama destaca que la lucha contra el trabajo infantil es una prioridad en este gobierno.<\/h4>\n<p>Con el objetivo de prevenir, atender y erradicar el trabajo infantil, la gobernadora de Quintana Roo.<\/p>\n<p>Por ende\u00a0Mara Lezama Espinosa firm\u00f3 el Acuerdo Solidario con el sector p\u00fablico, empresarial y las instituciones educativas.<\/p>\n<p>Esto durante la presentaci\u00f3n de Avances en Materia de Protecci\u00f3n de Ni\u00f1as, Ni\u00f1os y Adolescentes.<\/p>\n<p>El cual organiz\u00f3 el Sistema DIF Quintana Roo, encabezado por Ver\u00f3nica Lezama Espinosa.<\/p>\n<p>Unen fuerzas para erradicar trabajo infantil<\/p>\n<p>La gobernadora precis\u00f3 que la lucha contra el trabajo infantil es una prioridad en este gobierno humanista y progresista.<\/p>\n<p>Esto pues ning\u00fan menor debe dejar de lado sus sue\u00f1os y nadie puede cortar sus alas.<\/p>\n<p>\u201cLas ni\u00f1as, ni\u00f1os y adolescentes son nuestro mayor tesoro. Vamos a trabajar de inmediato\u201d.<\/p>\n<p>\u201cAdem\u00e1s de que no hay tiempo que perder, vamos a bajar los \u00edndices de este flagelo\u201d expres\u00f3 Mara Lezama.<\/p>\n<p>En el marco de la celebraci\u00f3n del D\u00eda Mundial contra el Trabajo Infantil, destac\u00f3 la importancia de atender el tema con el trabajo de todos.<\/p>\n<p>As\u00ed como\u00a0con la suma de esfuerzos en el Nuevo Acuerdo por el Bienestar y Desarrollo de Quintana Roo, para que nadie se quede atr\u00e1s.<\/p>\n<h4>Firman convenio para erradicar trabajo infantil en Quintana Roo<\/h4>\n<p>De esta manera, llam\u00f3 a los servidores p\u00fablicos, estudiantes de nivel medio superior y superior a actualizarse constantemente.<\/p>\n<p>Esto\u00a0sobre la Protecci\u00f3n de Ni\u00f1as, Ni\u00f1os y Adolescentes en Situaci\u00f3n de Trabajo Infantil, para visibilizar los avances, renovar.<\/p>\n<p>Adem\u00e1s de\u00a0reforzar compromisos, evaluar retos, desaf\u00edos y fortalecer la red interinstitucional y ciudadana para combatir y eliminar ese problema en la entidad.<\/p>\n<p>Por su parte, Ver\u00f3nica Lezama, resalt\u00f3 que el trabajo en conjunto entre la sociedad, los tres \u00f3rdenes de gobierno.<\/p>\n<p>As\u00ed como de\u00a0la iniciativa privada permitir\u00e1n crear acciones que brinden a la ni\u00f1ez y la juventud una vida libre de explotaci\u00f3n.<\/p>\n<p>\u00abNo dejemos de dimensionar el gran valor que tiene esta suma de voluntades para la atenci\u00f3n seria y contundente de esta problem\u00e1tica.<\/p>\n<p>Me emociona mucho ver que en Quintana Roo hay muchas manos y corazones dispuestos a aportar en este reto.<\/p>\n<p>As\u00ed como\u00a0bajo la premisa, de que el trabajo infantil puede eliminarse si se atacan sus causas m\u00e1s profundas\u00bb, dijo.<\/p>\n<p>De la misma manera, Abril Sabido, directora general del Sistema DIF Quintana Roo hizo un llamado para trabajar y terminar con este problema social.<\/p>\n","protected":false},"excerpt":{"rendered":"<p>Mara Lezama destaca que la lucha contra el trabajo infantil es una prioridad en este gobierno. Con el objetivo de prevenir, atender y erradicar el trabajo infantil, la gobernadora de Quintana Roo. Por ende\u00a0Mara Lezama Espinosa firm\u00f3 el Acuerdo Solidario con el sector p\u00fablico, empresarial y las instituciones educativas. Esto durante la presentaci\u00f3n de Avances [&hellip;]<\/p>\n","protected":false},"author":1,"featured_media":16705,"comment_status":"open","ping_status":"closed","sticky":false,"template":"","format":"standard","meta":{"footnotes":""},"categories":[10],"tags":[],"class_list":["post-16703","post","type-post","status-publish","format-standard","has-post-thumbnail","hentry","category-quintana-roo"],"_links":{"self":[{"href":"https:\/\/podernacional.com\/index.php?rest_route=\/wp\/v2\/posts\/16703","targetHints":{"allow":["GET"]}}],"collection":[{"href":"https:\/\/podernacional.com\/index.php?rest_route=\/wp\/v2\/posts"}],"about":[{"href":"https:\/\/podernacional.com\/index.php?rest_route=\/wp\/v2\/types\/post"}],"author":[{"embeddable":true,"href":"https:\/\/podernacional.com\/index.php?rest_route=\/wp\/v2\/users\/1"}],"replies":[{"embeddable":true,"href":"https:\/\/podernacional.com\/index.php?rest_route=%2Fwp%2Fv2%2Fcomments&post=16703"}],"version-history":[{"count":1,"href":"https:\/\/podernacional.com\/index.php?rest_route=\/wp\/v2\/posts\/16703\/revisions"}],"predecessor-version":[{"id":16704,"href":"https:\/\/podernacional.com\/index.php?rest_route=\/wp\/v2\/posts\/16703\/revisions\/16704"}],"wp:featuredmedia":[{"embeddable":true,"href":"https:\/\/podernacional.com\/index.php?rest_route=\/wp\/v2\/media\/16705"}],"wp:attachment":[{"href":"https:\/\/podernacional.com\/index.php?rest_route=%2Fwp%2Fv2%2Fmedia&parent=16703"}],"wp:term":[{"taxonomy":"category","embeddable":true,"href":"https:\/\/podernacional.com\/index.php?rest_route=%2Fwp%2Fv2%2Fcategories&post=16703"},{"taxonomy":"post_tag","embeddable":true,"href":"https:\/\/podernacional.com\/index.php?rest_route=%2Fwp%2Fv2%2Ftags&post=16703"}],"curies":[{"name":"wp","href":"https:\/\/api.w.org\/{rel}","templated":true}]}}