{"id":16766,"date":"2023-06-19T19:16:26","date_gmt":"2023-06-20T00:16:26","guid":{"rendered":"https:\/\/podernacional.com\/?p=16766"},"modified":"2023-06-20T00:16:28","modified_gmt":"2023-06-20T00:16:28","slug":"mara-lezama-creara-economia-solidaria-para-las-comunidades-indigenas-de-quintana-roo","status":"publish","type":"post","link":"https:\/\/podernacional.com\/?p=16766","title":{"rendered":"Mara Lezama crear\u00e1 econom\u00eda solidaria para las comunidades ind\u00edgenas de Quintana Roo"},"content":{"rendered":"<h4>La Gobernadora de Quintana Roo busca vincular a sectores marginados a la prosperidad que va a traer el Tren Maya.<\/h4>\n<p>Esto\u00a0con cooperativas de ahorro y pr\u00e9stamos a mujeres<\/p>\n<p>Acompa\u00f1ando una vez m\u00e1s al Presidente de M\u00e9xico, Andr\u00e9s Manuel L\u00f3pez Obrador.<\/p>\n<p>Por ende\u00a0Mara Lezama explic\u00f3 que con el fortalecimiento de empresas sociales se busca acabar con la desigualdad.<\/p>\n<p>Adem\u00e1s de\u00a0devolver la esperanza a las comunidades hist\u00f3ricamente olvidadas y que estaban geogr\u00e1ficamente marginadas de las rutas tur\u00edsticas.<\/p>\n<p>Pero que hoy, con alrededor de las 8 estaciones y 3 paraderos del Tren Maya en Quintana Roo.<\/p>\n<p>Adem\u00e1s de que\u00a0van a quedar incluidas en el radio de influencia de este proyecto.<\/p>\n<p>\u201cComo dije en otras ocasiones, el Tren Maya es, a la par de una gran obra de infraestructura, es un elemento de Justicia Social\u201d.<\/p>\n<p>As\u00ed como que\u00a0est\u00e1 en quienes tenemos responsabilidades de gobierno.<\/p>\n<p>Adem\u00e1s de aplicar pol\u00edticas p\u00fablicas necesarias para cumplir el sue\u00f1o de la prosperidad compartida y as\u00ed acortar las brechas de desigualdad\u201d, afirm\u00f3.<\/p>\n<h4>El Tren Maya es una oportunidad hist\u00f3rica<\/h4>\n<p>Mara Lezama, destac\u00f3 que el Tren Maya es una oportunidad hist\u00f3rica y ser\u00e1 un multiplicador del turismo parar generar prosperidad.<\/p>\n<p>Esto\u00a0para todas y todos los quintanarroenses como no ha ocurrido antes ya que a la par de un crecimiento econ\u00f3mico desbordante.<\/p>\n<p>Esto en la riqueza se fue a otros sectores y se fueron acumulando deudas sociales.<\/p>\n<p>Adem\u00e1s de que hoy se muestran con el rostro de la desigualdad, la pobreza, el deterioro medioambiental, la violencia y la delincuencia.<\/p>\n<p>La primer gobernadora mujer, que en esta ocasi\u00f3n porto un traje t\u00edpico hecho por los artesanos Francisca e Hilario de Chanchen Primero.<\/p>\n<p>Esto\u00a0del municipio de Tulum, resalt\u00f3 el trabajo de la mano con el Gobierno de M\u00e9xico para que la ciudadan\u00eda pueda tener oportunidades.<\/p>\n<p>Las cuales son de desarrollo a trav\u00e9s del Instituto de Econom\u00eda Social y Solidaria de Quintana Roo.<\/p>\n<p>Mara Lezama dio ejemplos concretos de c\u00f3mo este gobierno est\u00e1 reactivando a estos sectores sociales.<\/p>\n<p>Adem\u00e1s que\u00a0para ello se han creado las dos primeras Sociedades Cooperativas de Ahorro y Pr\u00e9stamo, de Mujeres, Maya Sur.<\/p>\n<p>El cual est\u00e1\u00a0ubicada en Oth\u00f3n P. Blanco y Koinonia, en Canc\u00fan, para atender la inclusi\u00f3n financiera de las mujeres.<\/p>\n<p>Dichas\u00a0ubicadas en las colonias de alta marginaci\u00f3n. Actualmente, estas atienden a m\u00e1s de 186 mujeres ahorradoras.<\/p>\n<p>Adem\u00e1s de que\u00a0es la primera vez en la historia que la banca social se abre al p\u00fablico en Quintana Roo.<\/p>\n","protected":false},"excerpt":{"rendered":"<p>La Gobernadora de Quintana Roo busca vincular a sectores marginados a la prosperidad que va a traer el Tren Maya. Esto\u00a0con cooperativas de ahorro y pr\u00e9stamos a mujeres Acompa\u00f1ando una vez m\u00e1s al Presidente de M\u00e9xico, Andr\u00e9s Manuel L\u00f3pez Obrador. Por ende\u00a0Mara Lezama explic\u00f3 que con el fortalecimiento de empresas sociales se busca acabar con [&hellip;]<\/p>\n","protected":false},"author":1,"featured_media":16768,"comment_status":"open","ping_status":"closed","sticky":false,"template":"","format":"standard","meta":{"footnotes":""},"categories":[10],"tags":[],"class_list":["post-16766","post","type-post","status-publish","format-standard","has-post-thumbnail","hentry","category-quintana-roo"],"_links":{"self":[{"href":"https:\/\/podernacional.com\/index.php?rest_route=\/wp\/v2\/posts\/16766","targetHints":{"allow":["GET"]}}],"collection":[{"href":"https:\/\/podernacional.com\/index.php?rest_route=\/wp\/v2\/posts"}],"about":[{"href":"https:\/\/podernacional.com\/index.php?rest_route=\/wp\/v2\/types\/post"}],"author":[{"embeddable":true,"href":"https:\/\/podernacional.com\/index.php?rest_route=\/wp\/v2\/users\/1"}],"replies":[{"embeddable":true,"href":"https:\/\/podernacional.com\/index.php?rest_route=%2Fwp%2Fv2%2Fcomments&post=16766"}],"version-history":[{"count":1,"href":"https:\/\/podernacional.com\/index.php?rest_route=\/wp\/v2\/posts\/16766\/revisions"}],"predecessor-version":[{"id":16767,"href":"https:\/\/podernacional.com\/index.php?rest_route=\/wp\/v2\/posts\/16766\/revisions\/16767"}],"wp:featuredmedia":[{"embeddable":true,"href":"https:\/\/podernacional.com\/index.php?rest_route=\/wp\/v2\/media\/16768"}],"wp:attachment":[{"href":"https:\/\/podernacional.com\/index.php?rest_route=%2Fwp%2Fv2%2Fmedia&parent=16766"}],"wp:term":[{"taxonomy":"category","embeddable":true,"href":"https:\/\/podernacional.com\/index.php?rest_route=%2Fwp%2Fv2%2Fcategories&post=16766"},{"taxonomy":"post_tag","embeddable":true,"href":"https:\/\/podernacional.com\/index.php?rest_route=%2Fwp%2Fv2%2Ftags&post=16766"}],"curies":[{"name":"wp","href":"https:\/\/api.w.org\/{rel}","templated":true}]}}