{"id":16772,"date":"2023-06-19T19:20:29","date_gmt":"2023-06-20T00:20:29","guid":{"rendered":"https:\/\/podernacional.com\/?p=16772"},"modified":"2023-06-20T00:20:31","modified_gmt":"2023-06-20T00:20:31","slug":"depresion-tropical-tres-se-forma-en-quintana-roo-preven-que-evolucione-a-ciclon-en-48-horas","status":"publish","type":"post","link":"https:\/\/podernacional.com\/?p=16772","title":{"rendered":"Depresi\u00f3n Tropical \u2018Tres\u2019 se forma en Quintana Roo; prev\u00e9n que evolucione a cicl\u00f3n en 48 horas"},"content":{"rendered":"<h4>Por el momento la Depresi\u00f3n Tropical \u2018Tres\u2019 no representa un peligro para las costas mexicanas pero<\/h4>\n<p>La Depresi\u00f3n Tropical \u201cTres\u201d se form\u00f3 esta ma\u00f1ana en el oc\u00e9ano Atl\u00e1ntico y al medio d\u00eda increment\u00f3 la probabilidad de que evolucione a cicl\u00f3n tropical.<\/p>\n<p>Esto lo\u00a0inform\u00f3 la Comisi\u00f3n Nacional del Agua (Conagua).<\/p>\n<p>A las 9:00 horas de este lunes, la depresi\u00f3n tropical se localiz\u00f3 a 2 mil 295 kil\u00f3metros al este de las Islas Barlovento.<\/p>\n<p>As\u00ed como a 5 mil 80 kil\u00f3metros al este de las costas de Quintana Roo. Present\u00f3 vientos m\u00e1ximos sostenidos de 55 kil\u00f3metros por hora.<\/p>\n<p>Adem\u00e1s de\u00a0rachas de 74 kil\u00f3metros por hora y desplazamiento hacia el oeste a 33 kil\u00f3metros por hora.<\/p>\n<p>Afortunadamente, por el momento no representa peligro para las costas del pa\u00eds.<\/p>\n<p>Sin embargo, de acuerdo con el mapa publicado por la Conagua, se estima que el fen\u00f3meno evolucione a tormenta tropical.<\/p>\n<p>Lo cual est\u00e1\u00a0esta tarde y a hurac\u00e1n categor\u00eda 1 del 21 al 24 de junio.<\/p>\n<p>Tres horas despu\u00e9s, la dependencia advirti\u00f3 sobre una zona de baja presi\u00f3n.<\/p>\n<h4>El cual est\u00e1\u00a0asociada con una onda tropical frente a la costa oeste de \u00c1frica.<\/h4>\n<p>Adem\u00e1s de que\u00a0increment\u00f3 a 40 por ciento su probabilidad de evolucionar en cicl\u00f3n en 48 horas y a 50 por ciento en siete d\u00edas.<\/p>\n<p>La zona de baja presi\u00f3n se localiz\u00f3 aproximadamente a 6 mil 280 kil\u00f3metros al este de las costas de Quintana Roo.<\/p>\n<p>Adem\u00e1s de que se desplaza al oeste a una velocidad de entre 16 y 24 kil\u00f3metros por hora.<\/p>\n<p>Cicl\u00f3n Adri\u00e1n: Esta ser\u00e1 su trayectoria<\/p>\n<p>El Servicio Meteorol\u00f3gico Nacional (SMN) de la Comisi\u00f3n Nacional del Agua (Conagua).<\/p>\n<p>El cual prev\u00e9 la formaci\u00f3n del primer cicl\u00f3n de la temporada en las costas del Oc\u00e9ano Pac\u00edfico.<\/p>\n<p>Hasta la noche de este domingo 18 de junio, el SMN mantiene en 20 por ciento la probabilidad de que las zona de baja presi\u00f3n.<\/p>\n<p>El cual est\u00e1\u00a0asociada con la onda tropical n\u00famero 3, se convierta en cicl\u00f3n, al que llamar\u00e1n \u201cAdri\u00e1n\u201d.<\/p>\n<p>La zona de baja presi\u00f3n se encuentra a 840 kil\u00f3metros al sur-suroeste de Manzanillo, Coahuila.<\/p>\n<p>Adem\u00e1s de que\u00a0se desplaza hacia el oeste-noroeste, a una velocidad de 18 kil\u00f3metros por hora, detall\u00f3 Conagua.<\/p>\n","protected":false},"excerpt":{"rendered":"<p>Por el momento la Depresi\u00f3n Tropical \u2018Tres\u2019 no representa un peligro para las costas mexicanas pero La Depresi\u00f3n Tropical \u201cTres\u201d se form\u00f3 esta ma\u00f1ana en el oc\u00e9ano Atl\u00e1ntico y al medio d\u00eda increment\u00f3 la probabilidad de que evolucione a cicl\u00f3n tropical. Esto lo\u00a0inform\u00f3 la Comisi\u00f3n Nacional del Agua (Conagua). A las 9:00 horas de este [&hellip;]<\/p>\n","protected":false},"author":1,"featured_media":16774,"comment_status":"open","ping_status":"closed","sticky":false,"template":"","format":"standard","meta":{"footnotes":""},"categories":[10],"tags":[],"class_list":["post-16772","post","type-post","status-publish","format-standard","has-post-thumbnail","hentry","category-quintana-roo"],"_links":{"self":[{"href":"https:\/\/podernacional.com\/index.php?rest_route=\/wp\/v2\/posts\/16772","targetHints":{"allow":["GET"]}}],"collection":[{"href":"https:\/\/podernacional.com\/index.php?rest_route=\/wp\/v2\/posts"}],"about":[{"href":"https:\/\/podernacional.com\/index.php?rest_route=\/wp\/v2\/types\/post"}],"author":[{"embeddable":true,"href":"https:\/\/podernacional.com\/index.php?rest_route=\/wp\/v2\/users\/1"}],"replies":[{"embeddable":true,"href":"https:\/\/podernacional.com\/index.php?rest_route=%2Fwp%2Fv2%2Fcomments&post=16772"}],"version-history":[{"count":1,"href":"https:\/\/podernacional.com\/index.php?rest_route=\/wp\/v2\/posts\/16772\/revisions"}],"predecessor-version":[{"id":16773,"href":"https:\/\/podernacional.com\/index.php?rest_route=\/wp\/v2\/posts\/16772\/revisions\/16773"}],"wp:featuredmedia":[{"embeddable":true,"href":"https:\/\/podernacional.com\/index.php?rest_route=\/wp\/v2\/media\/16774"}],"wp:attachment":[{"href":"https:\/\/podernacional.com\/index.php?rest_route=%2Fwp%2Fv2%2Fmedia&parent=16772"}],"wp:term":[{"taxonomy":"category","embeddable":true,"href":"https:\/\/podernacional.com\/index.php?rest_route=%2Fwp%2Fv2%2Fcategories&post=16772"},{"taxonomy":"post_tag","embeddable":true,"href":"https:\/\/podernacional.com\/index.php?rest_route=%2Fwp%2Fv2%2Ftags&post=16772"}],"curies":[{"name":"wp","href":"https:\/\/api.w.org\/{rel}","templated":true}]}}