{"id":16775,"date":"2023-06-19T19:22:15","date_gmt":"2023-06-20T00:22:15","guid":{"rendered":"https:\/\/podernacional.com\/?p=16775"},"modified":"2023-06-20T00:22:17","modified_gmt":"2023-06-20T00:22:17","slug":"ratifica-espana-confianza-en-quintana-roo","status":"publish","type":"post","link":"https:\/\/podernacional.com\/?p=16775","title":{"rendered":"Ratifica Espa\u00f1a confianza en Quintana Roo"},"content":{"rendered":"<h4>El embajador de Espa\u00f1a, Juan Duarte Cuadrado, elogi\u00f3 los proyectos trascendentales que se est\u00e1n llevando a cabo en Quintana Roo.<\/h4>\n<p>Con el objetivo de estrechar los lazos de cooperaci\u00f3n, impulsar el turismo de norte a sur, promover los productos de la entidad.<\/p>\n<p>Adem\u00e1s de la industria agr\u00edcola, gastron\u00f3mica y la cooperaci\u00f3n cultural, se reunieron el embajador de Espa\u00f1a en M\u00e9xico.<\/p>\n<p>As\u00ed como de Juan Duarte Cuadrado, y la gobernadora Mara Lezama Espinosa.<\/p>\n<p>La Embajada espa\u00f1ola propuso traer el Museo del Prado, en su exposici\u00f3n itinerante, que comprende reproducciones fotogr\u00e1ficas en tama\u00f1o real .<\/p>\n<p>Esto de los fondos del recinto madrile\u00f1o para montarla en una galer\u00eda en alg\u00fan municipio del sur del estado.<\/p>\n<p>Adem\u00e1s de\u00a0apoyar el trabajo de la gobernadora que impulsa el crecimiento de esta zona.<\/p>\n<p>Durante el encuentro, Lezama Espinosa resalt\u00f3 los intercambios culturales.<\/p>\n<p>As\u00ed como\u00a0acad\u00e9micos que han fortalecido la relaci\u00f3n entre ambas naciones e hizo hincapi\u00e9 en intensificar los programas.<\/p>\n<p>Los cuales son\u00a0de cooperaci\u00f3n institucional para beneficiar a quintanarroenses y a los turistas que visiten la entidad.<\/p>\n<h4>Condena ONU ataque en UgandaCondena ONU ataque en Uganda<\/h4>\n<p>En el \u00e1mbito econ\u00f3mico y comercial, la mandataria destac\u00f3 la relaci\u00f3n excepcional que existe entre Espa\u00f1a y M\u00e9xico.<\/p>\n<p>As\u00ed como\u00a0de manera particular con Quintana Roo, que este a\u00f1o ha recibido a m\u00e1s de 60 mil turistas de esa naci\u00f3n.<\/p>\n<p>Lezama Espinosa asegur\u00f3 que su gobierno trabaja en lograr la prosperidad compartida en todos los sectores de la sociedad.<\/p>\n<p>Esto\u00a0a trav\u00e9s del trabajo coordinado que involucre a todos a trav\u00e9s del Nuevo Acuerdo por el Bienestar y el Desarrollo de Quintana Roo.<\/p>\n<p>A\u00f1adi\u00f3 que con las magnas obras de infraestructura que est\u00e1n en proceso dentro de la entidad.<\/p>\n<p>Adem\u00e1s de los turistas podr\u00e1n conocer los nuevos sitios arqueol\u00f3gicos, recorrer el estado de norte a sur, disfrutar de la diversidad cultural.<\/p>\n<p>As\u00ed como de\u00a0conocer la cultura maya, entre otras bellezas que tiene Quintana Roo.<\/p>\n<p>Por su parte, el embajador Juan Duarte Cuadrado elogi\u00f3 los proyectos trascendentales que se est\u00e1n llevando a cabo en Quintana Roo.<\/p>\n<p>Esto\u00a0en materia de infraestructura, como el Tren Maya y el Aeropuerto Internacional de Tulum.<\/p>\n","protected":false},"excerpt":{"rendered":"<p>El embajador de Espa\u00f1a, Juan Duarte Cuadrado, elogi\u00f3 los proyectos trascendentales que se est\u00e1n llevando a cabo en Quintana Roo. Con el objetivo de estrechar los lazos de cooperaci\u00f3n, impulsar el turismo de norte a sur, promover los productos de la entidad. Adem\u00e1s de la industria agr\u00edcola, gastron\u00f3mica y la cooperaci\u00f3n cultural, se reunieron el [&hellip;]<\/p>\n","protected":false},"author":1,"featured_media":16777,"comment_status":"open","ping_status":"closed","sticky":false,"template":"","format":"standard","meta":{"footnotes":""},"categories":[10],"tags":[],"class_list":["post-16775","post","type-post","status-publish","format-standard","has-post-thumbnail","hentry","category-quintana-roo"],"_links":{"self":[{"href":"https:\/\/podernacional.com\/index.php?rest_route=\/wp\/v2\/posts\/16775","targetHints":{"allow":["GET"]}}],"collection":[{"href":"https:\/\/podernacional.com\/index.php?rest_route=\/wp\/v2\/posts"}],"about":[{"href":"https:\/\/podernacional.com\/index.php?rest_route=\/wp\/v2\/types\/post"}],"author":[{"embeddable":true,"href":"https:\/\/podernacional.com\/index.php?rest_route=\/wp\/v2\/users\/1"}],"replies":[{"embeddable":true,"href":"https:\/\/podernacional.com\/index.php?rest_route=%2Fwp%2Fv2%2Fcomments&post=16775"}],"version-history":[{"count":1,"href":"https:\/\/podernacional.com\/index.php?rest_route=\/wp\/v2\/posts\/16775\/revisions"}],"predecessor-version":[{"id":16776,"href":"https:\/\/podernacional.com\/index.php?rest_route=\/wp\/v2\/posts\/16775\/revisions\/16776"}],"wp:featuredmedia":[{"embeddable":true,"href":"https:\/\/podernacional.com\/index.php?rest_route=\/wp\/v2\/media\/16777"}],"wp:attachment":[{"href":"https:\/\/podernacional.com\/index.php?rest_route=%2Fwp%2Fv2%2Fmedia&parent=16775"}],"wp:term":[{"taxonomy":"category","embeddable":true,"href":"https:\/\/podernacional.com\/index.php?rest_route=%2Fwp%2Fv2%2Fcategories&post=16775"},{"taxonomy":"post_tag","embeddable":true,"href":"https:\/\/podernacional.com\/index.php?rest_route=%2Fwp%2Fv2%2Ftags&post=16775"}],"curies":[{"name":"wp","href":"https:\/\/api.w.org\/{rel}","templated":true}]}}