{"id":16806,"date":"2023-06-20T17:35:02","date_gmt":"2023-06-20T22:35:02","guid":{"rendered":"https:\/\/podernacional.com\/?p=16806"},"modified":"2023-06-20T22:35:04","modified_gmt":"2023-06-20T22:35:04","slug":"unete-a-la-comunidad-darks-en-el-darker-waves-festival-checa-el-line-up","status":"publish","type":"post","link":"https:\/\/podernacional.com\/?p=16806","title":{"rendered":"\u00danete A La Comunidad Darks En El Darker Waves Festival; Checa El Line Up"},"content":{"rendered":"<h4>Con la premisa de reunir a los fan\u00e1ticos y bandas m\u00e1s representativas de la d\u00e9cada de los 80\u2019s.<\/h4>\n<p>Adem\u00e1s de que\u00a0se revel\u00f3 el cartel oficial del Darker Waves Festival.<\/p>\n<p>Este evento busca consagrar a todos los seguidores de la oleada \u00abdarks\u00bb para que disfruten de la m\u00fasica que los une.<\/p>\n<p>El festival ha realizarse en City Beach de Huntington Beach, California, Estados Unidos.<\/p>\n<p>Por el cual\u00a0va a reunir a grupos exponentes de la d\u00e9cada de los ochenta.<\/p>\n<p>Esto\u00a0por lo que los fan\u00e1ticos no pueden perderse esta oportunidad de revivir o vivir por primera ocasi\u00f3n grandes glorias.<\/p>\n<h4>A este festival se unieron grupos de gran talla como New Order y Tears for Fears, adem\u00e1s de The Cardigans, Molchat Doma, The English Beat.<\/h4>\n<p>As\u00ed como de\u00a0Crosses, Kavinsky, London After Midnight, Clan of Xymox, The Chameleons, entre muchas otras.<\/p>\n<p>A pesar de reunir a m\u00e1s de 20 talentos en su line up, el Darker Waves est\u00e1 pactado para realizarse el pr\u00f3ximo 18 de noviembre.<\/p>\n<p>Esto\u00a0en el lugar indicado, por lo que los seguidores tienen el tiempo necesario para conseguir su acceso.<\/p>\n<p>Y ya que mencionamos los boletos, estar\u00e1n a la venta en la p\u00e1gina oficial del evento a partir del pr\u00f3ximo 23 de junio (viernes).<\/p>\n<p>Esto\u00a0como parte de una preventa especial.<\/p>\n<p>Posteriormente se abrir\u00e1 la venta al p\u00fablico general el mismo d\u00eda, en punto de las 2 de la tarde (hora M\u00e9xico).<\/p>\n<p>Los boletos para este evento darks estar\u00e1n disponibles en 199 d\u00f3lares general (cerca de 3 mil 425 pesos).<\/p>\n<p>Al igual que el\u00a0VIP en 565 d\u00f3lares (9 mil 725 pesos); y Ultimate VIP en mil 750 d\u00f3lares 30 mil 124 pesos).<\/p>\n<p>No te pierdas la oportunidad de asistir a este evento que re\u00fane a los mejores exponentes de la m\u00fasica de los 80\u2019s.<\/p>\n<p>Al igual de que si asistes ya podr\u00e1s presumir a tus padres que escuchaste la m\u00fasica que a ellos los acompa\u00f1\u00f3 en su juventud.<\/p>\n","protected":false},"excerpt":{"rendered":"<p>Con la premisa de reunir a los fan\u00e1ticos y bandas m\u00e1s representativas de la d\u00e9cada de los 80\u2019s. Adem\u00e1s de que\u00a0se revel\u00f3 el cartel oficial del Darker Waves Festival. Este evento busca consagrar a todos los seguidores de la oleada \u00abdarks\u00bb para que disfruten de la m\u00fasica que los une. El festival ha realizarse en [&hellip;]<\/p>\n","protected":false},"author":1,"featured_media":16808,"comment_status":"open","ping_status":"closed","sticky":false,"template":"","format":"standard","meta":{"footnotes":""},"categories":[2],"tags":[],"class_list":["post-16806","post","type-post","status-publish","format-standard","has-post-thumbnail","hentry","category-cultural"],"_links":{"self":[{"href":"https:\/\/podernacional.com\/index.php?rest_route=\/wp\/v2\/posts\/16806","targetHints":{"allow":["GET"]}}],"collection":[{"href":"https:\/\/podernacional.com\/index.php?rest_route=\/wp\/v2\/posts"}],"about":[{"href":"https:\/\/podernacional.com\/index.php?rest_route=\/wp\/v2\/types\/post"}],"author":[{"embeddable":true,"href":"https:\/\/podernacional.com\/index.php?rest_route=\/wp\/v2\/users\/1"}],"replies":[{"embeddable":true,"href":"https:\/\/podernacional.com\/index.php?rest_route=%2Fwp%2Fv2%2Fcomments&post=16806"}],"version-history":[{"count":1,"href":"https:\/\/podernacional.com\/index.php?rest_route=\/wp\/v2\/posts\/16806\/revisions"}],"predecessor-version":[{"id":16807,"href":"https:\/\/podernacional.com\/index.php?rest_route=\/wp\/v2\/posts\/16806\/revisions\/16807"}],"wp:featuredmedia":[{"embeddable":true,"href":"https:\/\/podernacional.com\/index.php?rest_route=\/wp\/v2\/media\/16808"}],"wp:attachment":[{"href":"https:\/\/podernacional.com\/index.php?rest_route=%2Fwp%2Fv2%2Fmedia&parent=16806"}],"wp:term":[{"taxonomy":"category","embeddable":true,"href":"https:\/\/podernacional.com\/index.php?rest_route=%2Fwp%2Fv2%2Fcategories&post=16806"},{"taxonomy":"post_tag","embeddable":true,"href":"https:\/\/podernacional.com\/index.php?rest_route=%2Fwp%2Fv2%2Ftags&post=16806"}],"curies":[{"name":"wp","href":"https:\/\/api.w.org\/{rel}","templated":true}]}}