{"id":16809,"date":"2023-06-20T17:36:51","date_gmt":"2023-06-20T22:36:51","guid":{"rendered":"https:\/\/podernacional.com\/?p=16809"},"modified":"2023-06-20T22:36:53","modified_gmt":"2023-06-20T22:36:53","slug":"primer-magistrade-mexicano-imparte-conferencia-en-quintana-roo","status":"publish","type":"post","link":"https:\/\/podernacional.com\/?p=16809","title":{"rendered":"Primer &#039;magistrade&#039; mexicano imparte conferencia en Quintana Roo"},"content":{"rendered":"<h4>El Dre. Jes\u00fas Ociel Baena Saucedo imparti\u00f3 una conferencia magistral en el marco del Mes del Orgullo Gay.<\/h4>\n<p>En el marco del mes de la Diversidad Sexual y el Orgullo LGBTTTIQ+, el Instituto Electoral de Quintana Roo (IEQROO).<\/p>\n<p>Adem\u00e1s de que se realiz\u00f3 la conferencia magistral \u00abDerechos pol\u00edtico electorales de la comunidad LGBTTTIQ+\u00bb.<\/p>\n<p>El cual es\u00a0impartida por el Dre. Jes\u00fas Ociel Baena Saucedo, Magistrade en Funciones del Tribunal Electoral del Estado de Aguascalientes.<\/p>\n<p>\u00abEl IEQROO es la casa de la democracia, y en la casa de la democracia cabemos todos, todas y todes.<\/p>\n<p>Adem\u00e1s de que\u00a0lo \u00fanico que no cabe es la discriminaci\u00f3n, debemos mantenernos en un estado que nos permita dilucidar.<\/p>\n<p>Esto\u00a0para proteger mejor el derecho de la ciudadan\u00eda.\u00bb dijo la Presidenta del IEQROO, Rub\u00ed Pacheco P\u00e9rez.<\/p>\n<p>En su conferencia el Magistrade en Funciones explic\u00f3 la evoluci\u00f3n de los derechos pol\u00edtico electorales.<\/p>\n<h4>Los cuales son\u00a0para asegurar la participaci\u00f3n de la comunidad LGBTTTQ+.<\/h4>\n<p>Adem\u00e1s de que\u00a0lo cual ha sido una lucha jur\u00eddica contra la discriminaci\u00f3n para lograr acceder a una mayor representaci\u00f3n pol\u00edtica.<\/p>\n<p>El Consejero Adri\u00e1n Amilcar Sauri Manzanilla, ley\u00f3 la semblanza curricular del Dre. Jes\u00fas Ociel Baena Saucedo.<\/p>\n<p>As\u00ed como de\u00a0la Consejera Maisie Lorena Contreras Brice\u00f1o y el Consejero Juan C\u00e9sar Hern\u00e1ndez Cruz.<\/p>\n<p>El cual le\u00a0le hicieron entrega de un reconocimiento y un presente; por su parte, la Consejera Mar\u00eda Salom\u00e9 Medina Monta\u00f1o.<\/p>\n<p>El cual le\u00a0entreg\u00f3 un reconocimiento al traductor de Lengua de Se\u00f1as Mexicana, Jaime Kareem Cruz Anaya.<\/p>\n<p>Asistieron a esta conferencia representantes del Poder Legislativo, autoridades del Gobierno del Estado y Municipal.<\/p>\n<p>As\u00ed como, integrantes del Consejo General, Junta General, del Colectivo LGTBTTTQ+ y p\u00fablico en general.<\/p>\n","protected":false},"excerpt":{"rendered":"<p>El Dre. Jes\u00fas Ociel Baena Saucedo imparti\u00f3 una conferencia magistral en el marco del Mes del Orgullo Gay. En el marco del mes de la Diversidad Sexual y el Orgullo LGBTTTIQ+, el Instituto Electoral de Quintana Roo (IEQROO). Adem\u00e1s de que se realiz\u00f3 la conferencia magistral \u00abDerechos pol\u00edtico electorales de la comunidad LGBTTTIQ+\u00bb. El cual [&hellip;]<\/p>\n","protected":false},"author":1,"featured_media":16811,"comment_status":"open","ping_status":"closed","sticky":false,"template":"","format":"standard","meta":{"footnotes":""},"categories":[10],"tags":[],"class_list":["post-16809","post","type-post","status-publish","format-standard","has-post-thumbnail","hentry","category-quintana-roo"],"_links":{"self":[{"href":"https:\/\/podernacional.com\/index.php?rest_route=\/wp\/v2\/posts\/16809","targetHints":{"allow":["GET"]}}],"collection":[{"href":"https:\/\/podernacional.com\/index.php?rest_route=\/wp\/v2\/posts"}],"about":[{"href":"https:\/\/podernacional.com\/index.php?rest_route=\/wp\/v2\/types\/post"}],"author":[{"embeddable":true,"href":"https:\/\/podernacional.com\/index.php?rest_route=\/wp\/v2\/users\/1"}],"replies":[{"embeddable":true,"href":"https:\/\/podernacional.com\/index.php?rest_route=%2Fwp%2Fv2%2Fcomments&post=16809"}],"version-history":[{"count":1,"href":"https:\/\/podernacional.com\/index.php?rest_route=\/wp\/v2\/posts\/16809\/revisions"}],"predecessor-version":[{"id":16810,"href":"https:\/\/podernacional.com\/index.php?rest_route=\/wp\/v2\/posts\/16809\/revisions\/16810"}],"wp:featuredmedia":[{"embeddable":true,"href":"https:\/\/podernacional.com\/index.php?rest_route=\/wp\/v2\/media\/16811"}],"wp:attachment":[{"href":"https:\/\/podernacional.com\/index.php?rest_route=%2Fwp%2Fv2%2Fmedia&parent=16809"}],"wp:term":[{"taxonomy":"category","embeddable":true,"href":"https:\/\/podernacional.com\/index.php?rest_route=%2Fwp%2Fv2%2Fcategories&post=16809"},{"taxonomy":"post_tag","embeddable":true,"href":"https:\/\/podernacional.com\/index.php?rest_route=%2Fwp%2Fv2%2Ftags&post=16809"}],"curies":[{"name":"wp","href":"https:\/\/api.w.org\/{rel}","templated":true}]}}