{"id":16812,"date":"2023-06-20T17:38:40","date_gmt":"2023-06-20T22:38:40","guid":{"rendered":"https:\/\/podernacional.com\/?p=16812"},"modified":"2023-06-20T22:38:42","modified_gmt":"2023-06-20T22:38:42","slug":"aumentaran-35-las-tarifas-de-los-servicios-nauticos-en-quintana-roo-en-el-verano","status":"publish","type":"post","link":"https:\/\/podernacional.com\/?p=16812","title":{"rendered":"Aumentar\u00e1n 35% las tarifas de los servicios n\u00e1uticos en Quintana Roo en el verano"},"content":{"rendered":"<h4>Los Asociados N\u00e1uticos de Quintana Roo (ANQR) han anunciado que realizar\u00e1n un ajuste del 35%.<\/h4>\n<p>Esto\u00a0en sus tarifas de cara a la temporada vacacional de verano.<\/p>\n<p>Este incremento se debe al alza en la misma proporci\u00f3n en sus costos directos de operaci\u00f3n.<\/p>\n<p>El cual\u00a0principalmente influenciados por el tipo de cambio del peso frente al d\u00f3lar.<\/p>\n<p>Con el objetivo de asegurar la viabilidad y sostenibilidad de sus negocios, los Asociados N\u00e1uticos.<\/p>\n<p>Los cuales\u00a0est\u00e1n evaluando cuidadosamente los efectos de la inflaci\u00f3n, los derechos e impuestos en sus costos de operaci\u00f3n.<\/p>\n<p>Dado que su operaci\u00f3n se basa en d\u00f3lares, es necesario revisar los precios.<\/p>\n<p>Adem\u00e1s de\u00a0tarifas para garantizar la calidad de los servicios durante la pr\u00f3xima temporada vacacional.<\/p>\n<p>Francisco Fern\u00e1ndez Mill\u00e1n, presidente de ANQR, ha invitado a los empresarios del sector a analizar individualmente.<\/p>\n<h4>Esto ante\u00a0la situaci\u00f3n de sus empresas y sus costos de operaci\u00f3n.<\/h4>\n<p>Esto permitir\u00e1 determinar el posible ajuste del 35% en las tarifas, con el objetivo de cubrir los gastos de operaci\u00f3n.<\/p>\n<p>As\u00ed como de\u00a0las obligaciones fiscales sin dificultades.<\/p>\n<p>La propuesta busca enfrentar los desaf\u00edos econ\u00f3micos y regulatorios que el sector ha experimentado en el \u00faltimo a\u00f1o.<\/p>\n<p>El cual est\u00e1\u00a0incluyendo el aumento en el Derecho de Saneamiento Ambiental (DSA), los derechos de \u00c1reas Naturales Protegidas (ANP) y los peajes, entre otros.<\/p>\n<p>Es importante realizar este ajuste con anticipaci\u00f3n para poder programar la venta de paquetes y tours de servicios de turismo n\u00e1utico de manera adecuada.<\/p>\n<p>El tipo de cambio del peso frente al d\u00f3lar estadounidense y la inflaci\u00f3n tambi\u00e9n est\u00e1n afectando a otros segmentos del sector tur\u00edstico.<\/p>\n<p>Con esta medida, los Asociados N\u00e1uticos de Quintana Roo buscan mantener la calidad de sus servicios y asegurar una operaci\u00f3n sustentable.<\/p>\n<p>El cual est\u00e1 brindando una experiencia satisfactoria a los turistas que visiten la regi\u00f3n durante la temporada vacacional de verano 2023.<\/p>\n","protected":false},"excerpt":{"rendered":"<p>Los Asociados N\u00e1uticos de Quintana Roo (ANQR) han anunciado que realizar\u00e1n un ajuste del 35%. Esto\u00a0en sus tarifas de cara a la temporada vacacional de verano. Este incremento se debe al alza en la misma proporci\u00f3n en sus costos directos de operaci\u00f3n. El cual\u00a0principalmente influenciados por el tipo de cambio del peso frente al d\u00f3lar. [&hellip;]<\/p>\n","protected":false},"author":1,"featured_media":16814,"comment_status":"open","ping_status":"closed","sticky":false,"template":"","format":"standard","meta":{"footnotes":""},"categories":[10],"tags":[],"class_list":["post-16812","post","type-post","status-publish","format-standard","has-post-thumbnail","hentry","category-quintana-roo"],"_links":{"self":[{"href":"https:\/\/podernacional.com\/index.php?rest_route=\/wp\/v2\/posts\/16812","targetHints":{"allow":["GET"]}}],"collection":[{"href":"https:\/\/podernacional.com\/index.php?rest_route=\/wp\/v2\/posts"}],"about":[{"href":"https:\/\/podernacional.com\/index.php?rest_route=\/wp\/v2\/types\/post"}],"author":[{"embeddable":true,"href":"https:\/\/podernacional.com\/index.php?rest_route=\/wp\/v2\/users\/1"}],"replies":[{"embeddable":true,"href":"https:\/\/podernacional.com\/index.php?rest_route=%2Fwp%2Fv2%2Fcomments&post=16812"}],"version-history":[{"count":1,"href":"https:\/\/podernacional.com\/index.php?rest_route=\/wp\/v2\/posts\/16812\/revisions"}],"predecessor-version":[{"id":16813,"href":"https:\/\/podernacional.com\/index.php?rest_route=\/wp\/v2\/posts\/16812\/revisions\/16813"}],"wp:featuredmedia":[{"embeddable":true,"href":"https:\/\/podernacional.com\/index.php?rest_route=\/wp\/v2\/media\/16814"}],"wp:attachment":[{"href":"https:\/\/podernacional.com\/index.php?rest_route=%2Fwp%2Fv2%2Fmedia&parent=16812"}],"wp:term":[{"taxonomy":"category","embeddable":true,"href":"https:\/\/podernacional.com\/index.php?rest_route=%2Fwp%2Fv2%2Fcategories&post=16812"},{"taxonomy":"post_tag","embeddable":true,"href":"https:\/\/podernacional.com\/index.php?rest_route=%2Fwp%2Fv2%2Ftags&post=16812"}],"curies":[{"name":"wp","href":"https:\/\/api.w.org\/{rel}","templated":true}]}}