{"id":16848,"date":"2023-06-21T18:06:03","date_gmt":"2023-06-21T23:06:03","guid":{"rendered":"https:\/\/podernacional.com\/?p=16848"},"modified":"2023-06-21T23:06:05","modified_gmt":"2023-06-21T23:06:05","slug":"llega-el-1er-festival-de-juegos-de-las-rondas-a-la-ariweta-a-ciudad-juarez","status":"publish","type":"post","link":"https:\/\/podernacional.com\/?p=16848","title":{"rendered":"Llega el 1er Festival de Juegos \u201cDe las rondas a la ariweta\u201d a Ciudad Ju\u00e1rez"},"content":{"rendered":"<h4>Este viernes 23 de junio a partir de las 10:00 horas en el Parque Central.<\/h4>\n<p>El cual\u00a0habr\u00e1 actividades gratuitas basadas en juegos tradicionales, como cuentacuentos, espect\u00e1culos, obras de teatro, t\u00edteres y talleres.<\/p>\n<p>Con el objetivo de impulsar la cultura de la paz y la inclusi\u00f3n a trav\u00e9s del juego.<\/p>\n<p>Adem\u00e1s de\u00a0la Secretar\u00eda de Cultura del Estado de Chihuahua y la Coordinaci\u00f3n Nacional de Desarrollo Cultural Infantil.<\/p>\n<p>Esto a trav\u00e9s del Programa \u201cAlas y Ra\u00edces\u201d Chihuahua, invitan al Primer Festival de Juegos \u201cDe las rondas a la ariweta\u201d.<\/p>\n<p>El cual\u00a0se realizar\u00e1 el viernes 23 de junio a partir de las 10:00.<\/p>\n<p>Adem\u00e1s de\u00a0hasta las 18:00 horas en el Parque Central de Ciudad Ju\u00e1rez.<\/p>\n<p>El evento ofrece actividades gratuitas para toda la familia, basadas en juegos tradicionales.<\/p>\n<p>As\u00ed como\u00a0que estar\u00e1n distribuidas en 19 carpas al aire libre, donde habr\u00e1 talleres, cuentacuentos, espect\u00e1culos, obras de teatro, t\u00edteres y juegos de mesa.<\/p>\n<p>El programa incluye actividades para beb\u00e9s y primeras infancias, como los talleres \u201c\u00a1Esto no es una caja!\u201d, \u201cSoy hijo de Mustaf\u00e1\u201d.<\/p>\n<p>Adem\u00e1s de\u00a0Haikus y cuentos Tu\u2019un Savi\u201d.<\/p>\n<p>Adem\u00e1s, habr\u00e1 activaciones para ni\u00f1as y ni\u00f1os, como \u201cLoter\u00eda en lenguas nacionales o lengua Tu\u2019un Savi\u201d, \u201cChimiriwaca\u201d, \u201cArco\u00edris musical\u201d, \u201cLa maleta m\u00e1gica\u201d, entre otras.<\/p>\n<h4>Se presentar\u00e1n tambi\u00e9n el show \u201cLa fuerza de las palabras\u201d, el \u201cCuento musical la ratoncita ciega\u201d.<\/h4>\n<p>Adem\u00e1s de\u00a0la animaciones teatrales \u201cT\u00edteres en el Festival de Juegos\u201d.<\/p>\n<p>Y como parte de las actividades estelares a las 18:00 horas sube a escena \u201cRadio Gorila\u201d, agrupaci\u00f3n originaria de Baja California Sur.<\/p>\n<p>Esto\u00a0con su concierto interactivo y multidisciplinario \u201cOrigami Tropical\u201d, un espect\u00e1culo con canciones creadas para \u201carmar y desarmar\u201d.<\/p>\n<p>As\u00ed como\u00a0en el que los animales que lo habitan compartir\u00e1n con todo el p\u00fablico sus historias, aventuras, sue\u00f1os.<\/p>\n<p>Adem\u00e1s de sus formas de aprender y entender el mundo.<\/p>\n<p>El 1er Festival del Juego \u201cDe las rondas a la ariweta\u201d surge con el prop\u00f3sito de abonar a los derechos humanos de las infancias.<\/p>\n<p>As\u00ed como estar dando \u00e9nfasis al juego como n\u00facleo de una vida libre de violencia y de fomento a la creatividad y participaci\u00f3n infantil.<\/p>\n<p>Las actividades se desarrollar\u00e1n en las instalaciones de la Subsecretar\u00eda de Desarrollo Humano y Bien Com\u00fan.<\/p>\n<p>El cual est\u00e1\u00a0ubicada en avenida Tecnol\u00f3gico 4450, colonia Partido Iglesias en Parque Central Poniente.<\/p>\n<p>Consulte el programa completo en culturachihuahua.com\/programafestivaljuegos<\/p>\n<p>Consulte la agenda cultural de Chihuahua en www.culturachihuahua.com<\/p>\n","protected":false},"excerpt":{"rendered":"<p>Este viernes 23 de junio a partir de las 10:00 horas en el Parque Central. El cual\u00a0habr\u00e1 actividades gratuitas basadas en juegos tradicionales, como cuentacuentos, espect\u00e1culos, obras de teatro, t\u00edteres y talleres. Con el objetivo de impulsar la cultura de la paz y la inclusi\u00f3n a trav\u00e9s del juego. Adem\u00e1s de\u00a0la Secretar\u00eda de Cultura del [&hellip;]<\/p>\n","protected":false},"author":1,"featured_media":16850,"comment_status":"open","ping_status":"closed","sticky":false,"template":"","format":"standard","meta":{"footnotes":""},"categories":[2],"tags":[],"class_list":["post-16848","post","type-post","status-publish","format-standard","has-post-thumbnail","hentry","category-cultural"],"_links":{"self":[{"href":"https:\/\/podernacional.com\/index.php?rest_route=\/wp\/v2\/posts\/16848","targetHints":{"allow":["GET"]}}],"collection":[{"href":"https:\/\/podernacional.com\/index.php?rest_route=\/wp\/v2\/posts"}],"about":[{"href":"https:\/\/podernacional.com\/index.php?rest_route=\/wp\/v2\/types\/post"}],"author":[{"embeddable":true,"href":"https:\/\/podernacional.com\/index.php?rest_route=\/wp\/v2\/users\/1"}],"replies":[{"embeddable":true,"href":"https:\/\/podernacional.com\/index.php?rest_route=%2Fwp%2Fv2%2Fcomments&post=16848"}],"version-history":[{"count":1,"href":"https:\/\/podernacional.com\/index.php?rest_route=\/wp\/v2\/posts\/16848\/revisions"}],"predecessor-version":[{"id":16849,"href":"https:\/\/podernacional.com\/index.php?rest_route=\/wp\/v2\/posts\/16848\/revisions\/16849"}],"wp:featuredmedia":[{"embeddable":true,"href":"https:\/\/podernacional.com\/index.php?rest_route=\/wp\/v2\/media\/16850"}],"wp:attachment":[{"href":"https:\/\/podernacional.com\/index.php?rest_route=%2Fwp%2Fv2%2Fmedia&parent=16848"}],"wp:term":[{"taxonomy":"category","embeddable":true,"href":"https:\/\/podernacional.com\/index.php?rest_route=%2Fwp%2Fv2%2Fcategories&post=16848"},{"taxonomy":"post_tag","embeddable":true,"href":"https:\/\/podernacional.com\/index.php?rest_route=%2Fwp%2Fv2%2Ftags&post=16848"}],"curies":[{"name":"wp","href":"https:\/\/api.w.org\/{rel}","templated":true}]}}