{"id":16851,"date":"2023-06-21T18:07:58","date_gmt":"2023-06-21T23:07:58","guid":{"rendered":"https:\/\/podernacional.com\/?p=16851"},"modified":"2023-06-21T23:08:00","modified_gmt":"2023-06-21T23:08:00","slug":"verano-en-quintana-roo-nauticos-aumentaran-los-precios-de-tours","status":"publish","type":"post","link":"https:\/\/podernacional.com\/?p=16851","title":{"rendered":"Verano en Quintana Roo: n\u00e1uticos aumentar\u00e1n los precios de \u2018tours\u2019"},"content":{"rendered":"<h4>Cada empresa ser\u00e1 encargada de analizar la situaci\u00f3n y sus costos de operaci\u00f3n para determinar un eventual ajuste.<\/h4>\n<p>A partir de verano los Asociados N\u00e1uticos de Quintana Roo incrementar\u00e1n el precio de sus \u201ctours\u201d.<\/p>\n<p>As\u00ed como de\u00a0actividades, esto derivado de la volatilidad del d\u00f3lar, moneda con la que tienen tasados sus servicios.<\/p>\n<p>Adem\u00e1s de\u00a0que ahora est\u00e1 a la venta en 17 pesos, una baja considerable.<\/p>\n<p>Ricardo Muleiro L\u00f3pez, director de la organizaci\u00f3n, dijo que cada empresa realiza un balance.<\/p>\n<p>Al igual de que\u00a0tendr\u00e1 que informar con tiempo.<\/p>\n<h4>Adem\u00e1s\u00a0pero se estima que sea mayor a 30%, ya que tambi\u00e9n tiene una afectaci\u00f3n por la inflaci\u00f3n desde el a\u00f1o pasado.<\/h4>\n<p>\u201cEl ajuste de 35% ser\u00eda el promedio de las tarifas, tras un alza en la misma proporci\u00f3n en los costos de operaci\u00f3n\u201d.<\/p>\n<p>\u201cAs\u00ed como\u00a0resultado tambi\u00e9n del tipo de cambio frente al d\u00f3lar\u201d, agreg\u00f3.<\/p>\n<p>Cada empresa ser\u00e1 encargada de analizar la situaci\u00f3n y sus costos de operaci\u00f3n para determinar un eventual ajuste del 35% en su tarifa.<\/p>\n<p>Esto\u00a0para mantener la calidad de los servicios en las vacaciones de verano.<\/p>\n<p>El verano es la siguiente temporada alta que esperan con un importante incremento de visitantes.<\/p>\n<p>Con ello recuperar un poco de lo que han p\u00e9rdido durante estos meses y los frentes fr\u00edos al inicio del a\u00f1o.<\/p>\n<p>Las ocupaciones que esperan son de 80%, y para no afectar tanto a los visitantes pero sin registrar p\u00e9rdidas.<\/p>\n<p>Al igual de que\u00a0estar\u00e1n revisando el impacto de la inflaci\u00f3n, derechos e impuestos que han tenido en sus costos de operaci\u00f3n.<\/p>\n","protected":false},"excerpt":{"rendered":"<p>Cada empresa ser\u00e1 encargada de analizar la situaci\u00f3n y sus costos de operaci\u00f3n para determinar un eventual ajuste. A partir de verano los Asociados N\u00e1uticos de Quintana Roo incrementar\u00e1n el precio de sus \u201ctours\u201d. As\u00ed como de\u00a0actividades, esto derivado de la volatilidad del d\u00f3lar, moneda con la que tienen tasados sus servicios. Adem\u00e1s de\u00a0que ahora [&hellip;]<\/p>\n","protected":false},"author":1,"featured_media":16853,"comment_status":"open","ping_status":"closed","sticky":false,"template":"","format":"standard","meta":{"footnotes":""},"categories":[10],"tags":[],"class_list":["post-16851","post","type-post","status-publish","format-standard","has-post-thumbnail","hentry","category-quintana-roo"],"_links":{"self":[{"href":"https:\/\/podernacional.com\/index.php?rest_route=\/wp\/v2\/posts\/16851","targetHints":{"allow":["GET"]}}],"collection":[{"href":"https:\/\/podernacional.com\/index.php?rest_route=\/wp\/v2\/posts"}],"about":[{"href":"https:\/\/podernacional.com\/index.php?rest_route=\/wp\/v2\/types\/post"}],"author":[{"embeddable":true,"href":"https:\/\/podernacional.com\/index.php?rest_route=\/wp\/v2\/users\/1"}],"replies":[{"embeddable":true,"href":"https:\/\/podernacional.com\/index.php?rest_route=%2Fwp%2Fv2%2Fcomments&post=16851"}],"version-history":[{"count":1,"href":"https:\/\/podernacional.com\/index.php?rest_route=\/wp\/v2\/posts\/16851\/revisions"}],"predecessor-version":[{"id":16852,"href":"https:\/\/podernacional.com\/index.php?rest_route=\/wp\/v2\/posts\/16851\/revisions\/16852"}],"wp:featuredmedia":[{"embeddable":true,"href":"https:\/\/podernacional.com\/index.php?rest_route=\/wp\/v2\/media\/16853"}],"wp:attachment":[{"href":"https:\/\/podernacional.com\/index.php?rest_route=%2Fwp%2Fv2%2Fmedia&parent=16851"}],"wp:term":[{"taxonomy":"category","embeddable":true,"href":"https:\/\/podernacional.com\/index.php?rest_route=%2Fwp%2Fv2%2Fcategories&post=16851"},{"taxonomy":"post_tag","embeddable":true,"href":"https:\/\/podernacional.com\/index.php?rest_route=%2Fwp%2Fv2%2Ftags&post=16851"}],"curies":[{"name":"wp","href":"https:\/\/api.w.org\/{rel}","templated":true}]}}